{"id":1105,"date":"2019-08-20T09:35:13","date_gmt":"2019-08-20T07:35:13","guid":{"rendered":"http:\/\/ev-stgeorg.de\/?p=1105"},"modified":"2019-08-20T09:35:13","modified_gmt":"2019-08-20T07:35:13","slug":"versammlung-der-stadtteile-26-10-19","status":"publish","type":"post","link":"https:\/\/ev-stgeorg.de\/?p=1105","title":{"rendered":"Versammlung der Stadtteile 26.10.19"},"content":{"rendered":"<p style=\"text-align: left;\"><strong>STADT F\u00dcR ALLE!<\/strong><\/p>\n<p style=\"text-align: left;\"><strong>Versammlung der Stadtteile: Austauschen \u2013 Vernetzen \u2013 Gestalten<br \/>\n<\/strong><strong>am 26. Oktober 2019, 11 \u2013 18 Uhr, <\/strong><strong>Louise-Schr\u00f6der-Schule, Thedestr. 100 in Altona<\/strong><strong>\u00a0<\/strong><\/p>\n<p style=\"text-align: left;\"><strong>Wie sieht es bei uns in Hamburg aus?<\/strong><\/p>\n<p style=\"text-align: left;\">In vielen Stadtteilen wehren sich Menschen heftig gegen explodierende Mieten und den Mangel an bezahlbarem Wohnraum. Das Menschenrecht auf Wohnen ist Ware geworden, die Immobilien-Kapitalkonzerne versprechen sich hier hohe Gewinne. Auch die st\u00e4dtische Infrastruktur wird von dieser Entwicklung erfasst: Gr\u00fcnfl\u00e4chen und Kleing\u00e4rten werden zugebaut mit teuren Luxus-Wohnungen, Schwimmb\u00e4der und Postfilialen werden geschlossen, der Altonaer Fernbahnhof soll verlagert werden. Kleine Gewerbetriebe, die auf kosteng\u00fcnstige Betriebsr\u00e4ume angewiesen sind, verlieren durch Bodenspekulation ihre Existenzgrundlage. St\u00e4dtischer Grund und Boden wird an Privatinvestoren verkauft f\u00fcr profitable Bauten statt z.B. fehlende Stadtteilkulturzentren einzurichten. Kreuzfahrtschiffe, Stra\u00dfen- und Flugverkehr verbrennen fossile Energietr\u00e4ger, versch\u00e4rfen den Klimawandel und belasten Natur und Gesundheit. \u201eB\u00fcrgerbeteiligung\u201c findet nur scheinbar statt, im Regelfall entscheidet der Senat.<\/p>\n<p style=\"text-align: left;\"><strong>Was tun?<\/strong><\/p>\n<p style=\"text-align: left;\">Im April hatten wir erfolgreich zu einer Auftaktveranstaltung nach Wilhelmsburg eingeladen, nun soll am 26. Oktober die <strong>gro\u00dfe Versammlung aller Hamburger Initiativen<\/strong> stattfinden, die sich f\u00fcr eine \u00f6kologische und sozial gerechte Stadtentwicklung einsetzen, wir rechnen mit mehr als 200 Teilnehmenden. Am Ende werden Verabredungen stehen, wie wir uns vernetzen und zusammen aktiv werden.<strong><br \/>\nNur gemeinsam sind wir stark!<\/strong><\/p>\n<p style=\"text-align: left;\"><strong>Fragen, die wir diskutieren wollen:<\/strong><\/p>\n<ul style=\"text-align: left;\">\n<li>Was ist n\u00f6tig f\u00fcr eine \u00f6kologische und sozial gerechte Stadtentwicklung, wo gibt es positive Beispiele?<\/li>\n<li>Wo haben wir Hamburger Initiativen gemeinsame Ziele?<\/li>\n<li>Wie k\u00f6nnen wir unsere Ziele gegen politische und wirtschaftliche Macht durchsetzen?<\/li>\n<li>Wo sehen wir m\u00f6gliche Verb\u00fcndete, wer sind unsere Gegner?<\/li>\n<li>Wie k\u00f6nnen wir unsere Vernetzung organisieren?<\/li>\n<li>Welche Aktionsformen k\u00f6nnen uns n\u00fctzen?<\/li>\n<li>Wie k\u00f6nnen wir die Instrumente der Volksgesetzgebung (B\u00fcrgerbegehren \/ B\u00fcrgerentscheid, Volksinitiative \/ Volksentscheid) f\u00fcr uns nutzen?<\/li>\n<li>\u2026 ? (hier k\u00f6nnen Eure Themenvorschl\u00e4ge stehen)<\/li>\n<\/ul>\n<p style=\"text-align: left;\"><strong> F\u00fcr den Ablauf der Versammlung sind folgende Fixpunkte vorgesehen:<\/strong><\/p>\n<ul style=\"text-align: left;\">\n<li><strong>Markt der M\u00f6glichkeiten:<\/strong> Initiativen lernen sich kennen;<\/li>\n<li><strong>Vortr\u00e4ge:<\/strong> Mehr Demokratie in den Bezirken, Alternative Stadtplanung, Bericht zur Berliner Initiative \u201eDeutsche Wohnen &amp; Co enteignen\u201c aus 1. Hand;<\/li>\n<li><strong>Plenum 1: <\/strong>Diskussion und Bewertung auch Eurer Vorschl\u00e4ge f\u00fcr Arbeitsgruppen;<\/li>\n<li><strong>Workshops <\/strong>nach der Mittagspause, auch Themen der Stadtentwicklung und m\u00f6gliche Alternativen, u.a. kreativer Gestaltungsworkshop;<\/li>\n<li><strong>Plenum 2 f\u00fcr Arbeitsergebnisse:<\/strong> Thesen\u2013Appelle\u2013Forderungen, Aktions-Vorschl\u00e4ge;<\/li>\n<li><strong>Abschlusstreffen: <\/strong>Pr\u00e4sentation des Gesamtergebnisses; weitere Termine<\/li>\n<li><strong>Feiern bei Bier und Musik <\/strong>am Abend.<\/li>\n<\/ul>\n<p style=\"text-align: left;\">Wir bitten Euch, eigene Fragestellungen und Inhalte Eurer Arbeit f\u00fcr die Darstellung auf der Versammlung vorzubereiten und Euch mit Vorschl\u00e4gen f\u00fcr je eigene Programmpunkte und\/oder Workshops zu beteiligen. Sicher l\u00e4sst sich nicht alles an einem einzigen Tag umsetzen, wir schlagen darum vor, dass aus den Vorschl\u00e4gen ein Programm f\u00fcr eine Reihe vernetzter Veranstaltungen bzw. Workshops in den folgenden Monaten vor Ort in Euren Stadtteilen entwickelt wird.<\/p>\n<p style=\"text-align: left;\">R\u00fcckmeldungen hierzu bitte bis zum 15.09.2019. Teilt bitte auch mit, ob Ihr Euch mit einem eigenen Stand am Markt der M\u00f6glichkeiten beteiligen wollt.<\/p>\n<p style=\"text-align: left;\">Damit wir Raumbedarf, Material und Catering planen k\u00f6nnen, w\u00e4re eine verbindliche Anmeldung der Teilnehmenden w\u00fcnschenswert unter: <a href=\"mailto:einestadtfuerallehh@gmx.de\"><strong>einestadtfuerallehh@gmx.de<\/strong><\/a> Nat\u00fcrlich ist auch eine spontane Teilnahme m\u00f6glich.<\/p>\n<p style=\"text-align: left;\">Leitet diesen Aufruf bitte weiter an Euch bekannte Initiativen.<\/p>\n<p style=\"text-align: left;\">Mit solidarischen Gr\u00fc\u00dfen<br \/>\nVorbereitungsgruppe f\u00fcr die Versammlung der Stadtteile<\/p>\n<p style=\"text-align: left;\">\n","protected":false},"excerpt":{"rendered":"<p>STADT F\u00dcR ALLE! Versammlung der Stadtteile: Austauschen \u2013 Vernetzen \u2013 Gestalten am 26. Oktober 2019, 11 \u2013 18 Uhr, Louise-Schr\u00f6der-Schule, Thedestr. 100 in Altona\u00a0 Wie sieht es bei uns in Hamburg aus? In vielen Stadtteilen wehren sich Menschen heftig gegen explodierende Mieten und den Mangel an bezahlbarem Wohnraum. Das Menschenrecht auf Wohnen ist Ware geworden, &hellip; <a href=\"https:\/\/ev-stgeorg.de\/?p=1105\" class=\"more-link\"><span class=\"screen-reader-text\">Versammlung der Stadtteile 26.10.19<\/span> weiterlesen <span class=\"meta-nav\">&rarr;<\/span><\/a><\/p>\n","protected":false},"author":1,"featured_media":0,"comment_status":"closed","ping_status":"closed","sticky":false,"template":"","format":"link","meta":{"footnotes":""},"categories":[44,5],"tags":[],"yoast_head":"<!-- This site is optimized with the Yoast SEO plugin v24.5 - https:\/\/yoast.com\/wordpress\/plugins\/seo\/ -->\n<title>Versammlung der Stadtteile 26.10.19 - Einwohner*innen-verein St. Georg<\/title>\n<meta name=\"robots\" content=\"index, follow, max-snippet:-1, max-image-preview:large, max-video-preview:-1\" \/>\n<link rel=\"canonical\" href=\"https:\/\/ev-stgeorg.de\/?p=1105\" \/>\n<meta property=\"og:locale\" content=\"de_DE\" \/>\n<meta property=\"og:type\" content=\"article\" \/>\n<meta property=\"og:title\" content=\"Versammlung der Stadtteile 26.10.19 - Einwohner*innen-verein St. Georg\" \/>\n<meta property=\"og:description\" content=\"STADT F\u00dcR ALLE! Versammlung der Stadtteile: Austauschen \u2013 Vernetzen \u2013 Gestalten am 26. Oktober 2019, 11 \u2013 18 Uhr, Louise-Schr\u00f6der-Schule, Thedestr. 100 in Altona\u00a0 Wie sieht es bei uns in Hamburg aus? In vielen Stadtteilen wehren sich Menschen heftig gegen explodierende Mieten und den Mangel an bezahlbarem Wohnraum. Das Menschenrecht auf Wohnen ist Ware geworden, &hellip; Versammlung der Stadtteile 26.10.19 weiterlesen &rarr;\" \/>\n<meta property=\"og:url\" content=\"https:\/\/ev-stgeorg.de\/?p=1105\" \/>\n<meta property=\"og:site_name\" content=\"Einwohner*innen-verein St. Georg\" \/>\n<meta property=\"article:publisher\" content=\"https:\/\/ev-stgeorg.de\/\" \/>\n<meta property=\"article:published_time\" content=\"2019-08-20T07:35:13+00:00\" \/>\n<meta name=\"author\" content=\"admin\" \/>\n<meta name=\"twitter:card\" content=\"summary_large_image\" \/>\n<meta name=\"twitter:label1\" content=\"Verfasst von\" \/>\n\t<meta name=\"twitter:data1\" content=\"admin\" \/>\n\t<meta name=\"twitter:label2\" content=\"Gesch\u00e4tzte Lesezeit\" \/>\n\t<meta name=\"twitter:data2\" content=\"3\u00a0Minuten\" \/>\n<script type=\"application\/ld+json\" class=\"yoast-schema-graph\">{\"@context\":\"https:\/\/schema.org\",\"@graph\":[{\"@type\":\"WebPage\",\"@id\":\"https:\/\/ev-stgeorg.de\/?p=1105\",\"url\":\"https:\/\/ev-stgeorg.de\/?p=1105\",\"name\":\"Versammlung der Stadtteile 26.10.19 - Einwohner*innen-verein St. Georg\",\"isPartOf\":{\"@id\":\"https:\/\/ev-stgeorg.de\/#website\"},\"datePublished\":\"2019-08-20T07:35:13+00:00\",\"author\":{\"@id\":\"https:\/\/ev-stgeorg.de\/#\/schema\/person\/7da671f7f33882c3b9a65ee7a61d28f4\"},\"breadcrumb\":{\"@id\":\"https:\/\/ev-stgeorg.de\/?p=1105#breadcrumb\"},\"inLanguage\":\"de\",\"potentialAction\":[{\"@type\":\"ReadAction\",\"target\":[\"https:\/\/ev-stgeorg.de\/?p=1105\"]}]},{\"@type\":\"BreadcrumbList\",\"@id\":\"https:\/\/ev-stgeorg.de\/?p=1105#breadcrumb\",\"itemListElement\":[{\"@type\":\"ListItem\",\"position\":1,\"name\":\"Startseite\",\"item\":\"https:\/\/ev-stgeorg.de\/\"},{\"@type\":\"ListItem\",\"position\":2,\"name\":\"Versammlung der Stadtteile 26.10.19\"}]},{\"@type\":\"WebSite\",\"@id\":\"https:\/\/ev-stgeorg.de\/#website\",\"url\":\"https:\/\/ev-stgeorg.de\/\",\"name\":\"Einwohnerverein St. Georg\",\"description\":\"von 1987 e.V.\",\"potentialAction\":[{\"@type\":\"SearchAction\",\"target\":{\"@type\":\"EntryPoint\",\"urlTemplate\":\"https:\/\/ev-stgeorg.de\/?s={search_term_string}\"},\"query-input\":{\"@type\":\"PropertyValueSpecification\",\"valueRequired\":true,\"valueName\":\"search_term_string\"}}],\"inLanguage\":\"de\"},{\"@type\":\"Person\",\"@id\":\"https:\/\/ev-stgeorg.de\/#\/schema\/person\/7da671f7f33882c3b9a65ee7a61d28f4\",\"name\":\"admin\",\"image\":{\"@type\":\"ImageObject\",\"inLanguage\":\"de\",\"@id\":\"https:\/\/ev-stgeorg.de\/#\/schema\/person\/image\/\",\"url\":\"https:\/\/secure.gravatar.com\/avatar\/30ce465bbd39980cb03bf85160fa2b31?s=96&d=mm&r=g\",\"contentUrl\":\"https:\/\/secure.gravatar.com\/avatar\/30ce465bbd39980cb03bf85160fa2b31?s=96&d=mm&r=g\",\"caption\":\"admin\"},\"sameAs\":[\"http:\/\/2021.ev-stgeorg.de\"],\"url\":\"https:\/\/ev-stgeorg.de\/?author=1\"}]}<\/script>\n<!-- \/ Yoast SEO plugin. -->","yoast_head_json":{"title":"Versammlung der Stadtteile 26.10.19 - Einwohner*innen-verein St. Georg","robots":{"index":"index","follow":"follow","max-snippet":"max-snippet:-1","max-image-preview":"max-image-preview:large","max-video-preview":"max-video-preview:-1"},"canonical":"https:\/\/ev-stgeorg.de\/?p=1105","og_locale":"de_DE","og_type":"article","og_title":"Versammlung der Stadtteile 26.10.19 - Einwohner*innen-verein St. Georg","og_description":"STADT F\u00dcR ALLE! Versammlung der Stadtteile: Austauschen \u2013 Vernetzen \u2013 Gestalten am 26. Oktober 2019, 11 \u2013 18 Uhr, Louise-Schr\u00f6der-Schule, Thedestr. 100 in Altona\u00a0 Wie sieht es bei uns in Hamburg aus? In vielen Stadtteilen wehren sich Menschen heftig gegen explodierende Mieten und den Mangel an bezahlbarem Wohnraum. Das Menschenrecht auf Wohnen ist Ware geworden, &hellip; Versammlung der Stadtteile 26.10.19 weiterlesen &rarr;","og_url":"https:\/\/ev-stgeorg.de\/?p=1105","og_site_name":"Einwohner*innen-verein St. Georg","article_publisher":"https:\/\/ev-stgeorg.de\/","article_published_time":"2019-08-20T07:35:13+00:00","author":"admin","twitter_card":"summary_large_image","twitter_misc":{"Verfasst von":"admin","Gesch\u00e4tzte Lesezeit":"3\u00a0Minuten"},"schema":{"@context":"https:\/\/schema.org","@graph":[{"@type":"WebPage","@id":"https:\/\/ev-stgeorg.de\/?p=1105","url":"https:\/\/ev-stgeorg.de\/?p=1105","name":"Versammlung der Stadtteile 26.10.19 - Einwohner*innen-verein St. Georg","isPartOf":{"@id":"https:\/\/ev-stgeorg.de\/#website"},"datePublished":"2019-08-20T07:35:13+00:00","author":{"@id":"https:\/\/ev-stgeorg.de\/#\/schema\/person\/7da671f7f33882c3b9a65ee7a61d28f4"},"breadcrumb":{"@id":"https:\/\/ev-stgeorg.de\/?p=1105#breadcrumb"},"inLanguage":"de","potentialAction":[{"@type":"ReadAction","target":["https:\/\/ev-stgeorg.de\/?p=1105"]}]},{"@type":"BreadcrumbList","@id":"https:\/\/ev-stgeorg.de\/?p=1105#breadcrumb","itemListElement":[{"@type":"ListItem","position":1,"name":"Startseite","item":"https:\/\/ev-stgeorg.de\/"},{"@type":"ListItem","position":2,"name":"Versammlung der Stadtteile 26.10.19"}]},{"@type":"WebSite","@id":"https:\/\/ev-stgeorg.de\/#website","url":"https:\/\/ev-stgeorg.de\/","name":"Einwohnerverein St. Georg","description":"von 1987 e.V.","potentialAction":[{"@type":"SearchAction","target":{"@type":"EntryPoint","urlTemplate":"https:\/\/ev-stgeorg.de\/?s={search_term_string}"},"query-input":{"@type":"PropertyValueSpecification","valueRequired":true,"valueName":"search_term_string"}}],"inLanguage":"de"},{"@type":"Person","@id":"https:\/\/ev-stgeorg.de\/#\/schema\/person\/7da671f7f33882c3b9a65ee7a61d28f4","name":"admin","image":{"@type":"ImageObject","inLanguage":"de","@id":"https:\/\/ev-stgeorg.de\/#\/schema\/person\/image\/","url":"https:\/\/secure.gravatar.com\/avatar\/30ce465bbd39980cb03bf85160fa2b31?s=96&d=mm&r=g","contentUrl":"https:\/\/secure.gravatar.com\/avatar\/30ce465bbd39980cb03bf85160fa2b31?s=96&d=mm&r=g","caption":"admin"},"sameAs":["http:\/\/2021.ev-stgeorg.de"],"url":"https:\/\/ev-stgeorg.de\/?author=1"}]}},"_links":{"self":[{"href":"https:\/\/ev-stgeorg.de\/index.php?rest_route=\/wp\/v2\/posts\/1105"}],"collection":[{"href":"https:\/\/ev-stgeorg.de\/index.php?rest_route=\/wp\/v2\/posts"}],"about":[{"href":"https:\/\/ev-stgeorg.de\/index.php?rest_route=\/wp\/v2\/types\/post"}],"author":[{"embeddable":true,"href":"https:\/\/ev-stgeorg.de\/index.php?rest_route=\/wp\/v2\/users\/1"}],"replies":[{"embeddable":true,"href":"https:\/\/ev-stgeorg.de\/index.php?rest_route=%2Fwp%2Fv2%2Fcomments&post=1105"}],"version-history":[{"count":1,"href":"https:\/\/ev-stgeorg.de\/index.php?rest_route=\/wp\/v2\/posts\/1105\/revisions"}],"predecessor-version":[{"id":1106,"href":"https:\/\/ev-stgeorg.de\/index.php?rest_route=\/wp\/v2\/posts\/1105\/revisions\/1106"}],"wp:attachment":[{"href":"https:\/\/ev-stgeorg.de\/index.php?rest_route=%2Fwp%2Fv2%2Fmedia&parent=1105"}],"wp:term":[{"taxonomy":"category","embeddable":true,"href":"https:\/\/ev-stgeorg.de\/index.php?rest_route=%2Fwp%2Fv2%2Fcategories&post=1105"},{"taxonomy":"post_tag","embeddable":true,"href":"https:\/\/ev-stgeorg.de\/index.php?rest_route=%2Fwp%2Fv2%2Ftags&post=1105"}],"curies":[{"name":"wp","href":"https:\/\/api.w.org\/{rel}","templated":true}]}}