{"id":1136,"date":"2019-10-13T14:45:57","date_gmt":"2019-10-13T12:45:57","guid":{"rendered":"http:\/\/ev-stgeorg.de\/?p=1136"},"modified":"2019-10-13T14:45:57","modified_gmt":"2019-10-13T12:45:57","slug":"aufruf-versammlung-der-stadtteile","status":"publish","type":"post","link":"https:\/\/ev-stgeorg.de\/?p=1136","title":{"rendered":"Aufruf Versammlung der Stadtteile"},"content":{"rendered":"<p class=\"p1\" style=\"text-align: center;\"><b>Austauschen \u2013 Vernetzen \u2013 Gestalten<\/b><\/p>\n<p class=\"p2\" style=\"text-align: center;\"><b>Gro\u00dfe Versammlung der Stadtteile<\/b><\/p>\n<p class=\"p2\" style=\"text-align: center;\"><b>26. Oktober 2019, 10:30 \u2013 18 Uhr, Louise-Schr\u00f6der-Schule, Thedestr.100 in Altona<\/b><\/p>\n<p class=\"p3\"><b>Der notwendige n\u00e4chste Schritt<\/b><\/p>\n<p class=\"p4\">Viele Aktive aus den Stadtteilen treffen sich eher zuf\u00e4llig mal auf einer Veranstaltung oder einer Demo und bekommen dabei mit, was die anderen so machen. Zwar gibt es in einigen Stadtteilen Strukturen, die einzelne Initiativen zusammenbringen, dort klappt der Austausch schon besser. Aber es fehlt bisher das stadtweite Netzwerk, das hilft, den Austausch und die Zusammenarbeit aller Hamburger Initiativen, die sich f\u00fcr eine \u00f6kologische und sozial gerechte Stadtentwicklung einsetzen, zu organisieren.<\/p>\n<p class=\"p3\"><b>Mit Hilfe eines solchen Netzwerks k\u00f6nnen Aktivist*innen der Stadtteile<\/b><\/p>\n<ul class=\"ul1\">\n<li class=\"li5\"><b>ihre Aktionen koordinieren und sich gegenseitig Hilfestellung geben<\/b>: Zum Beispiel Mieter*inneninis bei der SAGA, Vonovia, Akelius etc. &#8211; wie l\u00e4uft&#8217;s, was l\u00e4sst sich \u00fcbertragen, wie lassen sich Synergien schaffen?<\/li>\n<li class=\"li5\"><b>Erfahrungen beim Aufbau von Strukturen vermitteln<\/b>: Welche Hilfestellung ist m\u00f6glich bei den ersten Schritten zur Organisierung neuer Initiativen, wie l\u00e4sst sich das vermitteln?<\/li>\n<li class=\"li5\"><b>Medienarbeit machen: <\/b>Wie erreichen wir welche Medien, eigene Stadtteilzeitung starten?<\/li>\n<li class=\"li5\"><b>Erfahrungen Hamburger Initiativen zusammentragen und auswerten<\/b>: Zum Beispiel Erfahrungen mit K\u00e4mpfen um den Erhalt des inhabergef\u00fchrten Kleingewerbes &#8211; was kann man vor Ort tun, welcher gesetzlicher \u00c4nderungen bedarf es?<\/li>\n<li class=\"li5\"><b>Diskussionen \u00fcber Ziele, Wege dorthin und spezifische Probleml\u00f6sungen generieren<\/b>: Zum Beispiel Neubaupl\u00e4ne des Senats wie in Oberbillwerder &#8211; gibt es Alternativen, wie l\u00e4sst sich Gr\u00fcnfra\u00df verhindern und mehr Gr\u00fcn gegen den Klimawandel in die Stadt bringen?<\/li>\n<li class=\"li5\"><b>koordininiert Einfluss nehmen auf die Politik vor Ort<\/b>: Welche Erfahrungen gibt es, wie kann, wie muss Partizipation in den Quartieren aussehen? Reichen die wenig effizienten etablierten Stadtteilbeir\u00e4te in der bisherigen Form, was brauchen wir &#8211; wo &#8211; noch und mehr? Wie k\u00f6nnen wir die Instrumente der Volksgesetzgebung (B\u00fcrgerbegehren \/ B\u00fcrgerentscheid, Volksinitiative \/ Volksentscheid) f\u00fcr uns nutzen?<\/li>\n<li class=\"li5\"><b>st\u00e4dtische Fl\u00e4chen und Immobilien ausfindig machen und sichern<\/b>: Zum Beispiel f\u00fcr soziale und kulturelle Zentren, Ateliers, Bauwagenpl\u00e4tze, Nachbarschaftstreffen usw.<\/li>\n<li class=\"li5\"><span class=\"s1\">\u2026 <\/span><b>?<\/b> (hier k\u00f6nnen Eure W\u00fcnsche stehen)<\/li>\n<\/ul>\n<p class=\"p4\">Im April hatten wir erfolgreich zu einer Auftaktveranstaltung nach Wilhelmsburg eingeladen, nun soll am 26. Oktober die <b>gro\u00dfe Versammlung aller Hamburger Initiativen<\/b> stattfinden, wir rechnen mit mehr als 200 Teilnehmenden. Am Ende werden Verabredungen stehen, wie wir uns vernetzen und zusammen aktiv werden.<b> Allein machen sie uns ein. Nur gemeinsam sind wir stark!<\/b><\/p>\n<p class=\"p6\"><b>Der vorgesehene Ablauf der Versammlung:<\/b><\/p>\n<p class=\"p7\">Wir fangen um 9 h mit dem Aufbau an, Inis k\u00f6nnen sich ab dann mit ihrem Stand einrichten.<\/p>\n<p class=\"p7\">10:30 h <b>Markt der M\u00f6glichkeiten:<\/b> Initiativen stellen sich vor &amp; lernen sich kennen<\/p>\n<p class=\"p7\">11:30 h <b>Begr\u00fc\u00dfung<\/b> durch die Veranstalter*innen<\/p>\n<p class=\"p7\">11:45 h Parallele <b>Vortr\u00e4ge mit Diskussion:<\/b><\/p>\n<ul class=\"ul1\">\n<li class=\"li9\"><b>Mehr Demokratie vor Ort erk\u00e4mpfen! <\/b>Wie werden Initiativen in den Bezirken erfolgreich? <span class=\"s2\">Joachim Lau, Mehr Demokratie e. V., Hamburg.<\/span><\/li>\n<li class=\"li9\"><b>Alternative Stadtplanung <\/b>statt Investoren-Planung durch Beiersdorf: <b>Lokstedt lebenswert gestalten! <\/b>Mario Bloem, <span class=\"s2\">d-plan\u00a0Stadtentwicklung GmbH, Hamburg.<\/span><\/li>\n<li class=\"li9\"><span class=\"s1\">\u201e<\/span><b>Deutsche Wohnen &amp; Co enteignen!\u201c<\/b> &#8211; Bericht \u00fcber die Mietk\u00e4mpfe in Berlin, Oliver E. M\u00fcnchhoff, Berlin.<\/li>\n<\/ul>\n<p class=\"p7\">12:45 h <b>Plenum 1: <\/b>Bewertung der Themenvorschl\u00e4ge f\u00fcr Workshops, Meinungsbild<\/p>\n<p class=\"p7\">13:30 h <b>Workshops<\/b> zu von den Teilnehmenden ausgew\u00e4hlten Themen<\/p>\n<p class=\"p7\">14:30 h <b>Mittagspause<\/b><\/p>\n<p class=\"p7\">15:30 h <b>Markt der M\u00f6glichkeiten:<\/b> Initiativen stellen sich vor &amp; lernen sich kennen<\/p>\n<p class=\"p7\">16:00 h <b>Plenum 2<\/b>: Vorstellung der Arbeitsergebnisse der Workshops, Thesen \u2013 Appelle \u2013 Forderungen, Vorschl\u00e4ge f\u00fcr Aktionen<\/p>\n<p class=\"p7\">17:45 h <b>Abschlusstreffen<\/b>: Pr\u00e4sentation des Gesamtergebnisses, weitere Termine<\/p>\n<p class=\"p7\">18:30 h Abbau des Marktes, Vorbereitung f\u00fcr das Fest<\/p>\n<p class=\"p7\">19:00 h <b>Fest<\/b><\/p>\n<p class=\"p7\">22:00 h <b>Ende<\/b> des Festes, Aufr\u00e4umen<\/p>\n<p class=\"p4\">Wir bitten Euch, eigene Fragestellungen und Inhalte Eurer Arbeit f\u00fcr die Darstellung auf der Versammlung vorzubereiten und Euch mit Vorschl\u00e4gen f\u00fcr je eigene Programmpunkte und\/oder Workshops zu beteiligen. Sicher l\u00e4sst sich nicht alles an einem einzigen Tag umsetzen, wir schlagen darum vor, dass aus den Vorschl\u00e4gen ein Programm f\u00fcr eine Reihe vernetzter Veranstaltungen bzw. Workshops in den folgenden Monaten vor Ort in Euren Stadtteilen entwickelt wird.<\/p>\n<p class=\"p9\"><b>R\u00fcckmeldungen hierzu bitte so schnell wie m\u00f6glich.<\/b> Teilt bitte auch mit, ob Ihr Euch mit einem eigenen Stand am Markt der M\u00f6glichkeiten bzw. mit einem eigenen Workshop beteiligen wollt.<\/p>\n<p class=\"p9\">Damit wir Raumbedarf, Material und Catering planen k\u00f6nnen, w\u00e4re eine verbindliche Anmeldung der Teilnehmenden w\u00fcnschenswert unter:<b> <\/b><a href=\"mailto:einestadtfueralle-hh@gmx.de\"><span class=\"s3\">einestadtfueralle-hh@gmx.de<\/span><\/a><b> <\/b>Nat\u00fcrlich ist auch eine spontane Teilnahme m\u00f6glich.<\/p>\n<p class=\"p4\"><b>Leitet diesen Aufruf bitte auch weiter an Euch bekannte Initiativen.<\/b><\/p>\n<p class=\"p4\">Mit solidarischen Gr\u00fc\u00dfen<\/p>\n<p class=\"p4\">Vorbereitungsgruppe f\u00fcr die Versammlung der Stadtteile<\/p>\n<p class=\"p4\">mit Teilnehmenden aus den folgenden Initiativen und Organisationen : Altonaer Manifest, Bauwagenplatz Rondenbarg, Beirat f\u00fcr Stadtteilentwicklung Wilhelmsburg, DIDF Hamburg, Langenhorn73, Lebenswertes Lokstedt, Mehr Demokratie Hamburg, Mietergruppe Hayn-\/Hegestra\u00dfe, Mieter*inneninitiative Wrangelstra\u00dfe, Nein-zu-Oberbillwerder, VENS e.V. Borchertring, Zukunft Elbinsel Wilhelmsburg<\/p>\n<p class=\"p4\" style=\"text-align: center;\">Die Versammlung der Stadtteile wird unterst\u00fctzt durch: Einwohnerverein St. Georg von 1987 e.V., GWA St. Pauli e.V., Mehr Demokratie e.V. Landesverband Hamburg, Mieter helfen Mietern \u2013 Hamburger Mieterverein e.V., Netzwerk Recht auf Stadt Hamburg, St. Pauli selber machen<\/p>\n","protected":false},"excerpt":{"rendered":"<p>Austauschen \u2013 Vernetzen \u2013 Gestalten Gro\u00dfe Versammlung der Stadtteile 26. Oktober 2019, 10:30 \u2013 18 Uhr, Louise-Schr\u00f6der-Schule, Thedestr.100 in Altona Der notwendige n\u00e4chste Schritt Viele Aktive aus den Stadtteilen treffen sich eher zuf\u00e4llig mal auf einer Veranstaltung oder einer Demo und bekommen dabei mit, was die anderen so machen. Zwar gibt es in einigen Stadtteilen &hellip; <a href=\"https:\/\/ev-stgeorg.de\/?p=1136\" class=\"more-link\"><span class=\"screen-reader-text\">Aufruf Versammlung der Stadtteile<\/span> weiterlesen <span class=\"meta-nav\">&rarr;<\/span><\/a><\/p>\n","protected":false},"author":1,"featured_media":0,"comment_status":"closed","ping_status":"closed","sticky":false,"template":"","format":"link","meta":{"footnotes":""},"categories":[5],"tags":[],"yoast_head":"<!-- This site is optimized with the Yoast SEO plugin v24.5 - https:\/\/yoast.com\/wordpress\/plugins\/seo\/ -->\n<title>Aufruf Versammlung der Stadtteile - Einwohner*innen-verein St. Georg<\/title>\n<meta name=\"robots\" content=\"index, follow, max-snippet:-1, max-image-preview:large, max-video-preview:-1\" \/>\n<link rel=\"canonical\" href=\"https:\/\/ev-stgeorg.de\/?p=1136\" \/>\n<meta property=\"og:locale\" content=\"de_DE\" \/>\n<meta property=\"og:type\" content=\"article\" \/>\n<meta property=\"og:title\" content=\"Aufruf Versammlung der Stadtteile - Einwohner*innen-verein St. Georg\" \/>\n<meta property=\"og:description\" content=\"Austauschen \u2013 Vernetzen \u2013 Gestalten Gro\u00dfe Versammlung der Stadtteile 26. Oktober 2019, 10:30 \u2013 18 Uhr, Louise-Schr\u00f6der-Schule, Thedestr.100 in Altona Der notwendige n\u00e4chste Schritt Viele Aktive aus den Stadtteilen treffen sich eher zuf\u00e4llig mal auf einer Veranstaltung oder einer Demo und bekommen dabei mit, was die anderen so machen. Zwar gibt es in einigen Stadtteilen &hellip; Aufruf Versammlung der Stadtteile weiterlesen &rarr;\" \/>\n<meta property=\"og:url\" content=\"https:\/\/ev-stgeorg.de\/?p=1136\" \/>\n<meta property=\"og:site_name\" content=\"Einwohner*innen-verein St. Georg\" \/>\n<meta property=\"article:publisher\" content=\"https:\/\/ev-stgeorg.de\/\" \/>\n<meta property=\"article:published_time\" content=\"2019-10-13T12:45:57+00:00\" \/>\n<meta name=\"author\" content=\"admin\" \/>\n<meta name=\"twitter:card\" content=\"summary_large_image\" \/>\n<meta name=\"twitter:label1\" content=\"Verfasst von\" \/>\n\t<meta name=\"twitter:data1\" content=\"admin\" \/>\n\t<meta name=\"twitter:label2\" content=\"Gesch\u00e4tzte Lesezeit\" \/>\n\t<meta name=\"twitter:data2\" content=\"4\u00a0Minuten\" \/>\n<script type=\"application\/ld+json\" class=\"yoast-schema-graph\">{\"@context\":\"https:\/\/schema.org\",\"@graph\":[{\"@type\":\"WebPage\",\"@id\":\"https:\/\/ev-stgeorg.de\/?p=1136\",\"url\":\"https:\/\/ev-stgeorg.de\/?p=1136\",\"name\":\"Aufruf Versammlung der Stadtteile - Einwohner*innen-verein St. Georg\",\"isPartOf\":{\"@id\":\"https:\/\/ev-stgeorg.de\/#website\"},\"datePublished\":\"2019-10-13T12:45:57+00:00\",\"author\":{\"@id\":\"https:\/\/ev-stgeorg.de\/#\/schema\/person\/7da671f7f33882c3b9a65ee7a61d28f4\"},\"breadcrumb\":{\"@id\":\"https:\/\/ev-stgeorg.de\/?p=1136#breadcrumb\"},\"inLanguage\":\"de\",\"potentialAction\":[{\"@type\":\"ReadAction\",\"target\":[\"https:\/\/ev-stgeorg.de\/?p=1136\"]}]},{\"@type\":\"BreadcrumbList\",\"@id\":\"https:\/\/ev-stgeorg.de\/?p=1136#breadcrumb\",\"itemListElement\":[{\"@type\":\"ListItem\",\"position\":1,\"name\":\"Startseite\",\"item\":\"https:\/\/ev-stgeorg.de\/\"},{\"@type\":\"ListItem\",\"position\":2,\"name\":\"Aufruf Versammlung der Stadtteile\"}]},{\"@type\":\"WebSite\",\"@id\":\"https:\/\/ev-stgeorg.de\/#website\",\"url\":\"https:\/\/ev-stgeorg.de\/\",\"name\":\"Einwohnerverein St. Georg\",\"description\":\"von 1987 e.V.\",\"potentialAction\":[{\"@type\":\"SearchAction\",\"target\":{\"@type\":\"EntryPoint\",\"urlTemplate\":\"https:\/\/ev-stgeorg.de\/?s={search_term_string}\"},\"query-input\":{\"@type\":\"PropertyValueSpecification\",\"valueRequired\":true,\"valueName\":\"search_term_string\"}}],\"inLanguage\":\"de\"},{\"@type\":\"Person\",\"@id\":\"https:\/\/ev-stgeorg.de\/#\/schema\/person\/7da671f7f33882c3b9a65ee7a61d28f4\",\"name\":\"admin\",\"image\":{\"@type\":\"ImageObject\",\"inLanguage\":\"de\",\"@id\":\"https:\/\/ev-stgeorg.de\/#\/schema\/person\/image\/\",\"url\":\"https:\/\/secure.gravatar.com\/avatar\/30ce465bbd39980cb03bf85160fa2b31?s=96&d=mm&r=g\",\"contentUrl\":\"https:\/\/secure.gravatar.com\/avatar\/30ce465bbd39980cb03bf85160fa2b31?s=96&d=mm&r=g\",\"caption\":\"admin\"},\"sameAs\":[\"http:\/\/2021.ev-stgeorg.de\"],\"url\":\"https:\/\/ev-stgeorg.de\/?author=1\"}]}<\/script>\n<!-- \/ Yoast SEO plugin. -->","yoast_head_json":{"title":"Aufruf Versammlung der Stadtteile - Einwohner*innen-verein St. Georg","robots":{"index":"index","follow":"follow","max-snippet":"max-snippet:-1","max-image-preview":"max-image-preview:large","max-video-preview":"max-video-preview:-1"},"canonical":"https:\/\/ev-stgeorg.de\/?p=1136","og_locale":"de_DE","og_type":"article","og_title":"Aufruf Versammlung der Stadtteile - Einwohner*innen-verein St. Georg","og_description":"Austauschen \u2013 Vernetzen \u2013 Gestalten Gro\u00dfe Versammlung der Stadtteile 26. Oktober 2019, 10:30 \u2013 18 Uhr, Louise-Schr\u00f6der-Schule, Thedestr.100 in Altona Der notwendige n\u00e4chste Schritt Viele Aktive aus den Stadtteilen treffen sich eher zuf\u00e4llig mal auf einer Veranstaltung oder einer Demo und bekommen dabei mit, was die anderen so machen. Zwar gibt es in einigen Stadtteilen &hellip; Aufruf Versammlung der Stadtteile weiterlesen &rarr;","og_url":"https:\/\/ev-stgeorg.de\/?p=1136","og_site_name":"Einwohner*innen-verein St. Georg","article_publisher":"https:\/\/ev-stgeorg.de\/","article_published_time":"2019-10-13T12:45:57+00:00","author":"admin","twitter_card":"summary_large_image","twitter_misc":{"Verfasst von":"admin","Gesch\u00e4tzte Lesezeit":"4\u00a0Minuten"},"schema":{"@context":"https:\/\/schema.org","@graph":[{"@type":"WebPage","@id":"https:\/\/ev-stgeorg.de\/?p=1136","url":"https:\/\/ev-stgeorg.de\/?p=1136","name":"Aufruf Versammlung der Stadtteile - Einwohner*innen-verein St. Georg","isPartOf":{"@id":"https:\/\/ev-stgeorg.de\/#website"},"datePublished":"2019-10-13T12:45:57+00:00","author":{"@id":"https:\/\/ev-stgeorg.de\/#\/schema\/person\/7da671f7f33882c3b9a65ee7a61d28f4"},"breadcrumb":{"@id":"https:\/\/ev-stgeorg.de\/?p=1136#breadcrumb"},"inLanguage":"de","potentialAction":[{"@type":"ReadAction","target":["https:\/\/ev-stgeorg.de\/?p=1136"]}]},{"@type":"BreadcrumbList","@id":"https:\/\/ev-stgeorg.de\/?p=1136#breadcrumb","itemListElement":[{"@type":"ListItem","position":1,"name":"Startseite","item":"https:\/\/ev-stgeorg.de\/"},{"@type":"ListItem","position":2,"name":"Aufruf Versammlung der Stadtteile"}]},{"@type":"WebSite","@id":"https:\/\/ev-stgeorg.de\/#website","url":"https:\/\/ev-stgeorg.de\/","name":"Einwohnerverein St. Georg","description":"von 1987 e.V.","potentialAction":[{"@type":"SearchAction","target":{"@type":"EntryPoint","urlTemplate":"https:\/\/ev-stgeorg.de\/?s={search_term_string}"},"query-input":{"@type":"PropertyValueSpecification","valueRequired":true,"valueName":"search_term_string"}}],"inLanguage":"de"},{"@type":"Person","@id":"https:\/\/ev-stgeorg.de\/#\/schema\/person\/7da671f7f33882c3b9a65ee7a61d28f4","name":"admin","image":{"@type":"ImageObject","inLanguage":"de","@id":"https:\/\/ev-stgeorg.de\/#\/schema\/person\/image\/","url":"https:\/\/secure.gravatar.com\/avatar\/30ce465bbd39980cb03bf85160fa2b31?s=96&d=mm&r=g","contentUrl":"https:\/\/secure.gravatar.com\/avatar\/30ce465bbd39980cb03bf85160fa2b31?s=96&d=mm&r=g","caption":"admin"},"sameAs":["http:\/\/2021.ev-stgeorg.de"],"url":"https:\/\/ev-stgeorg.de\/?author=1"}]}},"_links":{"self":[{"href":"https:\/\/ev-stgeorg.de\/index.php?rest_route=\/wp\/v2\/posts\/1136"}],"collection":[{"href":"https:\/\/ev-stgeorg.de\/index.php?rest_route=\/wp\/v2\/posts"}],"about":[{"href":"https:\/\/ev-stgeorg.de\/index.php?rest_route=\/wp\/v2\/types\/post"}],"author":[{"embeddable":true,"href":"https:\/\/ev-stgeorg.de\/index.php?rest_route=\/wp\/v2\/users\/1"}],"replies":[{"embeddable":true,"href":"https:\/\/ev-stgeorg.de\/index.php?rest_route=%2Fwp%2Fv2%2Fcomments&post=1136"}],"version-history":[{"count":1,"href":"https:\/\/ev-stgeorg.de\/index.php?rest_route=\/wp\/v2\/posts\/1136\/revisions"}],"predecessor-version":[{"id":1137,"href":"https:\/\/ev-stgeorg.de\/index.php?rest_route=\/wp\/v2\/posts\/1136\/revisions\/1137"}],"wp:attachment":[{"href":"https:\/\/ev-stgeorg.de\/index.php?rest_route=%2Fwp%2Fv2%2Fmedia&parent=1136"}],"wp:term":[{"taxonomy":"category","embeddable":true,"href":"https:\/\/ev-stgeorg.de\/index.php?rest_route=%2Fwp%2Fv2%2Fcategories&post=1136"},{"taxonomy":"post_tag","embeddable":true,"href":"https:\/\/ev-stgeorg.de\/index.php?rest_route=%2Fwp%2Fv2%2Ftags&post=1136"}],"curies":[{"name":"wp","href":"https:\/\/api.w.org\/{rel}","templated":true}]}}