{"id":1148,"date":"2019-10-28T17:06:36","date_gmt":"2019-10-28T16:06:36","guid":{"rendered":"http:\/\/ev-stgeorg.de\/?p=1148"},"modified":"2019-10-28T17:12:09","modified_gmt":"2019-10-28T16:12:09","slug":"2-presserklaerung-des-ev-zur-moeglichen-wochenmarktschliessung-in-st-georg","status":"publish","type":"post","link":"https:\/\/ev-stgeorg.de\/?p=1148","title":{"rendered":"2. Presserkl\u00e4rung des EV zur m\u00f6glichen Wochenmarktschlie\u00dfung in St. Georg"},"content":{"rendered":"<h6 class=\"p1\">Pressemitteilung des Einwohnervereins zur drohende Markt-Schlie\u00dfung in St. Georg vom 27.10.2019<\/h6>\n<p class=\"p1\">Sehr geehrte Damen und Herren,<br \/>\nin der vergangenen Woche machte ich Sie bereits aufmerksam auf ein Papier des Bezirksamtes Hamburg-Mitte vom 1. Oktober, nach dem die Wochenm\u00e4rkte in Finkenwerder, Hamm, Rothenburgsort und St. Georg mangels &#8222;Kostendeckung&#8220; evtl. zum Jahreswechsel geschlossen werden sollen. Wie angek\u00fcndigt, haben VertreterInnen des Einwohnervereins St. Georg auf der Sitzung des &#8222;Ausschusses f\u00fcr Wochenm\u00e4rkte&#8220; am 23. Oktober scharf dagegen protestiert. Zwar erkl\u00e4rten die Parteien unisono, gegen die Schlie\u00dfung von Wochenm\u00e4rkten zu sein, sie legten aber \u00fcberwiegend kein klares Statement gegen die angeblich n\u00f6tige Kostendeckung durch die MarktbeschickerInnen ab. Der Einwohnerverein unterstrich seine Haltung,die Wochenm\u00e4rkte als Teil der Nah- und Grundversorgung zu begreifen und zu verteidigen, allemal in Zeiten wegbrechender inhabergef\u00fchrter Gesch\u00e4fte und des klimapolitischen Nachhaltigkeitsgebots.<\/p>\n<p>Morgen wird der Einwohnerverein nun mit einer Unterschriftensammlung gegen die m\u00f6gliche Schlie\u00dfung des Donnerstagsmarktes auf dem Carl-von-Ossietzky-Platz an der Langen Reihe beginnen. Sollten sich die Schlie\u00dfungspl\u00e4ne verdichten, wird der Einwohnerverein Mitte, sp\u00e4testens Ende November zu einer Kundgebung aufrufen und auch versuchen, die anderen, betroffenen Stadtteile f\u00fcr weitere Proteste zu gewinnen. Alle n\u00f6tigen Dokumente zu diesem Thema (die Ihnen bereits zugegangenen, aber auch das nachgereichte Statement der LINKEN und eine Unterschriftenliste des Einwohnervereins) finden Sie im Anhang.<\/p>\n<p class=\"p2\">\u00dcber eine Berichterstattung w\u00fcrden wir uns sehr freuen.<\/p>\n<p class=\"p2\">Mit freundlichen Gr\u00fc\u00dfen<br \/>\nMichael Joho<br \/>\nVorsitzender<\/p>\n<p><a href=\"https:\/\/ev-stgeorg.de\/wp-content\/uploads\/2019\/10\/BezirksamtMitteWochenmaerkteUListeEV28-10-19.pdf\"><strong>Unterschriftenliste zum Download<\/strong><\/a><\/p>\n<p>&nbsp;<\/p>\n","protected":false},"excerpt":{"rendered":"<p>Pressemitteilung des Einwohnervereins zur drohende Markt-Schlie\u00dfung in St. Georg vom 27.10.2019 Sehr geehrte Damen und Herren, in der vergangenen Woche machte ich Sie bereits aufmerksam auf ein Papier des Bezirksamtes Hamburg-Mitte vom 1. Oktober, nach dem die Wochenm\u00e4rkte in Finkenwerder, Hamm, Rothenburgsort und St. Georg mangels &#8222;Kostendeckung&#8220; evtl. zum Jahreswechsel geschlossen werden sollen. Wie angek\u00fcndigt, &hellip; <a href=\"https:\/\/ev-stgeorg.de\/?p=1148\" class=\"more-link\"><span class=\"screen-reader-text\">2. Presserkl\u00e4rung des EV zur m\u00f6glichen Wochenmarktschlie\u00dfung in St. Georg<\/span> weiterlesen <span class=\"meta-nav\">&rarr;<\/span><\/a><\/p>\n","protected":false},"author":1,"featured_media":0,"comment_status":"closed","ping_status":"closed","sticky":false,"template":"","format":"standard","meta":{"footnotes":""},"categories":[5,3],"tags":[],"yoast_head":"<!-- This site is optimized with the Yoast SEO plugin v24.5 - https:\/\/yoast.com\/wordpress\/plugins\/seo\/ -->\n<title>2. Presserkl\u00e4rung des EV zur m\u00f6glichen Wochenmarktschlie\u00dfung in St. Georg - Einwohner*innen-verein St. Georg<\/title>\n<meta name=\"robots\" content=\"index, follow, max-snippet:-1, max-image-preview:large, max-video-preview:-1\" \/>\n<link rel=\"canonical\" href=\"https:\/\/ev-stgeorg.de\/?p=1148\" \/>\n<meta property=\"og:locale\" content=\"de_DE\" \/>\n<meta property=\"og:type\" content=\"article\" \/>\n<meta property=\"og:title\" content=\"2. Presserkl\u00e4rung des EV zur m\u00f6glichen Wochenmarktschlie\u00dfung in St. Georg - Einwohner*innen-verein St. Georg\" \/>\n<meta property=\"og:description\" content=\"Pressemitteilung des Einwohnervereins zur drohende Markt-Schlie\u00dfung in St. Georg vom 27.10.2019 Sehr geehrte Damen und Herren, in der vergangenen Woche machte ich Sie bereits aufmerksam auf ein Papier des Bezirksamtes Hamburg-Mitte vom 1. Oktober, nach dem die Wochenm\u00e4rkte in Finkenwerder, Hamm, Rothenburgsort und St. Georg mangels &#8222;Kostendeckung&#8220; evtl. zum Jahreswechsel geschlossen werden sollen. Wie angek\u00fcndigt, &hellip; 2. Presserkl\u00e4rung des EV zur m\u00f6glichen Wochenmarktschlie\u00dfung in St. Georg weiterlesen &rarr;\" \/>\n<meta property=\"og:url\" content=\"https:\/\/ev-stgeorg.de\/?p=1148\" \/>\n<meta property=\"og:site_name\" content=\"Einwohner*innen-verein St. Georg\" \/>\n<meta property=\"article:publisher\" content=\"https:\/\/ev-stgeorg.de\/\" \/>\n<meta property=\"article:published_time\" content=\"2019-10-28T16:06:36+00:00\" \/>\n<meta property=\"article:modified_time\" content=\"2019-10-28T16:12:09+00:00\" \/>\n<meta name=\"author\" content=\"admin\" \/>\n<meta name=\"twitter:card\" content=\"summary_large_image\" \/>\n<meta name=\"twitter:label1\" content=\"Verfasst von\" \/>\n\t<meta name=\"twitter:data1\" content=\"admin\" \/>\n\t<meta name=\"twitter:label2\" content=\"Gesch\u00e4tzte Lesezeit\" \/>\n\t<meta name=\"twitter:data2\" content=\"1\u00a0Minute\" \/>\n<script type=\"application\/ld+json\" class=\"yoast-schema-graph\">{\"@context\":\"https:\/\/schema.org\",\"@graph\":[{\"@type\":\"WebPage\",\"@id\":\"https:\/\/ev-stgeorg.de\/?p=1148\",\"url\":\"https:\/\/ev-stgeorg.de\/?p=1148\",\"name\":\"2. Presserkl\u00e4rung des EV zur m\u00f6glichen Wochenmarktschlie\u00dfung in St. Georg - Einwohner*innen-verein St. Georg\",\"isPartOf\":{\"@id\":\"https:\/\/ev-stgeorg.de\/#website\"},\"datePublished\":\"2019-10-28T16:06:36+00:00\",\"dateModified\":\"2019-10-28T16:12:09+00:00\",\"author\":{\"@id\":\"https:\/\/ev-stgeorg.de\/#\/schema\/person\/7da671f7f33882c3b9a65ee7a61d28f4\"},\"breadcrumb\":{\"@id\":\"https:\/\/ev-stgeorg.de\/?p=1148#breadcrumb\"},\"inLanguage\":\"de\",\"potentialAction\":[{\"@type\":\"ReadAction\",\"target\":[\"https:\/\/ev-stgeorg.de\/?p=1148\"]}]},{\"@type\":\"BreadcrumbList\",\"@id\":\"https:\/\/ev-stgeorg.de\/?p=1148#breadcrumb\",\"itemListElement\":[{\"@type\":\"ListItem\",\"position\":1,\"name\":\"Startseite\",\"item\":\"https:\/\/ev-stgeorg.de\/\"},{\"@type\":\"ListItem\",\"position\":2,\"name\":\"2. Presserkl\u00e4rung des EV zur m\u00f6glichen Wochenmarktschlie\u00dfung in St. Georg\"}]},{\"@type\":\"WebSite\",\"@id\":\"https:\/\/ev-stgeorg.de\/#website\",\"url\":\"https:\/\/ev-stgeorg.de\/\",\"name\":\"Einwohnerverein St. Georg\",\"description\":\"von 1987 e.V.\",\"potentialAction\":[{\"@type\":\"SearchAction\",\"target\":{\"@type\":\"EntryPoint\",\"urlTemplate\":\"https:\/\/ev-stgeorg.de\/?s={search_term_string}\"},\"query-input\":{\"@type\":\"PropertyValueSpecification\",\"valueRequired\":true,\"valueName\":\"search_term_string\"}}],\"inLanguage\":\"de\"},{\"@type\":\"Person\",\"@id\":\"https:\/\/ev-stgeorg.de\/#\/schema\/person\/7da671f7f33882c3b9a65ee7a61d28f4\",\"name\":\"admin\",\"image\":{\"@type\":\"ImageObject\",\"inLanguage\":\"de\",\"@id\":\"https:\/\/ev-stgeorg.de\/#\/schema\/person\/image\/\",\"url\":\"https:\/\/secure.gravatar.com\/avatar\/30ce465bbd39980cb03bf85160fa2b31?s=96&d=mm&r=g\",\"contentUrl\":\"https:\/\/secure.gravatar.com\/avatar\/30ce465bbd39980cb03bf85160fa2b31?s=96&d=mm&r=g\",\"caption\":\"admin\"},\"sameAs\":[\"http:\/\/2021.ev-stgeorg.de\"],\"url\":\"https:\/\/ev-stgeorg.de\/?author=1\"}]}<\/script>\n<!-- \/ Yoast SEO plugin. -->","yoast_head_json":{"title":"2. Presserkl\u00e4rung des EV zur m\u00f6glichen Wochenmarktschlie\u00dfung in St. Georg - Einwohner*innen-verein St. Georg","robots":{"index":"index","follow":"follow","max-snippet":"max-snippet:-1","max-image-preview":"max-image-preview:large","max-video-preview":"max-video-preview:-1"},"canonical":"https:\/\/ev-stgeorg.de\/?p=1148","og_locale":"de_DE","og_type":"article","og_title":"2. Presserkl\u00e4rung des EV zur m\u00f6glichen Wochenmarktschlie\u00dfung in St. Georg - Einwohner*innen-verein St. Georg","og_description":"Pressemitteilung des Einwohnervereins zur drohende Markt-Schlie\u00dfung in St. Georg vom 27.10.2019 Sehr geehrte Damen und Herren, in der vergangenen Woche machte ich Sie bereits aufmerksam auf ein Papier des Bezirksamtes Hamburg-Mitte vom 1. Oktober, nach dem die Wochenm\u00e4rkte in Finkenwerder, Hamm, Rothenburgsort und St. Georg mangels &#8222;Kostendeckung&#8220; evtl. zum Jahreswechsel geschlossen werden sollen. Wie angek\u00fcndigt, &hellip; 2. Presserkl\u00e4rung des EV zur m\u00f6glichen Wochenmarktschlie\u00dfung in St. Georg weiterlesen &rarr;","og_url":"https:\/\/ev-stgeorg.de\/?p=1148","og_site_name":"Einwohner*innen-verein St. Georg","article_publisher":"https:\/\/ev-stgeorg.de\/","article_published_time":"2019-10-28T16:06:36+00:00","article_modified_time":"2019-10-28T16:12:09+00:00","author":"admin","twitter_card":"summary_large_image","twitter_misc":{"Verfasst von":"admin","Gesch\u00e4tzte Lesezeit":"1\u00a0Minute"},"schema":{"@context":"https:\/\/schema.org","@graph":[{"@type":"WebPage","@id":"https:\/\/ev-stgeorg.de\/?p=1148","url":"https:\/\/ev-stgeorg.de\/?p=1148","name":"2. Presserkl\u00e4rung des EV zur m\u00f6glichen Wochenmarktschlie\u00dfung in St. Georg - Einwohner*innen-verein St. Georg","isPartOf":{"@id":"https:\/\/ev-stgeorg.de\/#website"},"datePublished":"2019-10-28T16:06:36+00:00","dateModified":"2019-10-28T16:12:09+00:00","author":{"@id":"https:\/\/ev-stgeorg.de\/#\/schema\/person\/7da671f7f33882c3b9a65ee7a61d28f4"},"breadcrumb":{"@id":"https:\/\/ev-stgeorg.de\/?p=1148#breadcrumb"},"inLanguage":"de","potentialAction":[{"@type":"ReadAction","target":["https:\/\/ev-stgeorg.de\/?p=1148"]}]},{"@type":"BreadcrumbList","@id":"https:\/\/ev-stgeorg.de\/?p=1148#breadcrumb","itemListElement":[{"@type":"ListItem","position":1,"name":"Startseite","item":"https:\/\/ev-stgeorg.de\/"},{"@type":"ListItem","position":2,"name":"2. Presserkl\u00e4rung des EV zur m\u00f6glichen Wochenmarktschlie\u00dfung in St. Georg"}]},{"@type":"WebSite","@id":"https:\/\/ev-stgeorg.de\/#website","url":"https:\/\/ev-stgeorg.de\/","name":"Einwohnerverein St. Georg","description":"von 1987 e.V.","potentialAction":[{"@type":"SearchAction","target":{"@type":"EntryPoint","urlTemplate":"https:\/\/ev-stgeorg.de\/?s={search_term_string}"},"query-input":{"@type":"PropertyValueSpecification","valueRequired":true,"valueName":"search_term_string"}}],"inLanguage":"de"},{"@type":"Person","@id":"https:\/\/ev-stgeorg.de\/#\/schema\/person\/7da671f7f33882c3b9a65ee7a61d28f4","name":"admin","image":{"@type":"ImageObject","inLanguage":"de","@id":"https:\/\/ev-stgeorg.de\/#\/schema\/person\/image\/","url":"https:\/\/secure.gravatar.com\/avatar\/30ce465bbd39980cb03bf85160fa2b31?s=96&d=mm&r=g","contentUrl":"https:\/\/secure.gravatar.com\/avatar\/30ce465bbd39980cb03bf85160fa2b31?s=96&d=mm&r=g","caption":"admin"},"sameAs":["http:\/\/2021.ev-stgeorg.de"],"url":"https:\/\/ev-stgeorg.de\/?author=1"}]}},"_links":{"self":[{"href":"https:\/\/ev-stgeorg.de\/index.php?rest_route=\/wp\/v2\/posts\/1148"}],"collection":[{"href":"https:\/\/ev-stgeorg.de\/index.php?rest_route=\/wp\/v2\/posts"}],"about":[{"href":"https:\/\/ev-stgeorg.de\/index.php?rest_route=\/wp\/v2\/types\/post"}],"author":[{"embeddable":true,"href":"https:\/\/ev-stgeorg.de\/index.php?rest_route=\/wp\/v2\/users\/1"}],"replies":[{"embeddable":true,"href":"https:\/\/ev-stgeorg.de\/index.php?rest_route=%2Fwp%2Fv2%2Fcomments&post=1148"}],"version-history":[{"count":4,"href":"https:\/\/ev-stgeorg.de\/index.php?rest_route=\/wp\/v2\/posts\/1148\/revisions"}],"predecessor-version":[{"id":1153,"href":"https:\/\/ev-stgeorg.de\/index.php?rest_route=\/wp\/v2\/posts\/1148\/revisions\/1153"}],"wp:attachment":[{"href":"https:\/\/ev-stgeorg.de\/index.php?rest_route=%2Fwp%2Fv2%2Fmedia&parent=1148"}],"wp:term":[{"taxonomy":"category","embeddable":true,"href":"https:\/\/ev-stgeorg.de\/index.php?rest_route=%2Fwp%2Fv2%2Fcategories&post=1148"},{"taxonomy":"post_tag","embeddable":true,"href":"https:\/\/ev-stgeorg.de\/index.php?rest_route=%2Fwp%2Fv2%2Ftags&post=1148"}],"curies":[{"name":"wp","href":"https:\/\/api.w.org\/{rel}","templated":true}]}}