{"id":1420,"date":"2021-01-22T17:02:17","date_gmt":"2021-01-22T16:02:17","guid":{"rendered":"http:\/\/ev-stgeorg.de\/?p=1420"},"modified":"2021-04-11T14:28:07","modified_gmt":"2021-04-11T12:28:07","slug":"solidaritaet-mit-romana-knezevic","status":"publish","type":"post","link":"https:\/\/ev-stgeorg.de\/?p=1420","title":{"rendered":"Solidarit\u00e4t mit Romana Knezevic"},"content":{"rendered":"<p>Offener Brief an die Leitung der Asklepios-Klinik St. Georg\u00a0und Frau Gesundheitssenatorin Dr. Leonhard<\/p>\n<p>Betr.: Die drohende K\u00fcndigung der Betriebsr\u00e4tin Romana Knezevic durch die Asklepios-Klinik St. Georg<strong>\u00a0<\/strong><\/p>\n<p><strong>St. Georg, den 19.1.2021<br \/>\n<\/strong><strong>Solidarit\u00e4t mit Romana Knezevic!\u00a0<\/strong><strong>Krankenpflegekraft und Betriebsr\u00e4tin in der Asklepios-Klinik St. Georg<\/strong><\/p>\n<p>Von wegen \u201eDie \u00fcberw\u00e4ltigendste St\u00e4tte von N\u00e4chstenliebe und Wohlt\u00e4tigkeit\u201c, wie die Festschrift zum 175. Bestehen des damals noch rein st\u00e4dtischen Allgemeinen Krankenhauses St. Georg 1998 betitelt war\u2026<\/p>\n<p>Schon seit l\u00e4ngerem sorgen die unzureichenden Verh\u00e4ltnisse und insbesondere die mangelnde Personalausstattung speziell in der Asklepios-Klinik St. Georg f\u00fcr erhebliche Verunsicherung und Emp\u00f6rung in der Bev\u00f6lkerung. Nun haben sich die Rahmenbedingungen in der Coronapandemie noch einmal dramatisch versch\u00e4rft, der Druck auf die Krankenpflegekr\u00e4fte und die \u00c4rztInnen, das technische und Reinigungspersonal hat sich weiter zugespitzt. Doch die Leitung der St. Georger Asklepios-Klinik hat nichts Besseres zu tun, als eine Krankenpflegekraft und Betriebsr\u00e4tin k\u00fcndigen zu wollen, weil sie die Verh\u00e4ltnisse kritisch benennt. Unsere Solidarit\u00e4t gilt den Besch\u00e4ftigten der Asklepios-Klinik St. Georg, stellvertretend der betroffenen Kollegin Romana Knezevic.<\/p>\n<p><strong>Wir verlangen von der Klinikleitung, die beabsichtigte K\u00fcndigung dieser Kollegin sofort zur\u00fcckzunehmen! <\/strong><\/p>\n<p><strong>Von der Freien und Hansestadt Hamburg erwarten wir, dass sie ihren Anteil von 25,1 % an der Asklepios Kliniken Hamburg GmbH und damit die ihr zustehende Sperrminorit\u00e4t ernst nimmt, um die K\u00fcndigung der Betriebsr\u00e4tin zu verhindern!<\/strong><\/p>\n<ul>\n<li>Imke Behr und Michael Joho,<\/li>\n<\/ul>\n<p>Vorsitzende des Einwohnervereins St. Georg von 1987 e.V.<\/p>\n<ul>\n<li>Elisabeth K\u00fchn und Ulfert Sterz,<\/li>\n<\/ul>\n<p>PastorInnen der Ev.-Luth. Kirchengemeinde St. Georg-Borgfelde<\/p>\n<ul>\n<li>Gudrun Greb, Stefanie Grabatsch und Irene Macheit-Hansen,<\/li>\n<\/ul>\n<p>Soziale und p\u00e4dagogische Initiative St. Georg<\/p>\n<ul>\n<li>Leslie Franke und Hermann Lorenz,<\/li>\n<\/ul>\n<p>St. Georger RegisseurInnen des Films \u201eDer marktgerechte Patient\u201c<\/p>\n<ul>\n<li>Sylvia Wempner und Rolf Becker,<\/li>\n<\/ul>\n<p>SchauspielerInnen aus St. Georg<\/p>\n<p><strong>Michael Joho, Einwohnerverein St. Georg, Hansaplatz 9,<br \/>\n20099 Hamburg, Mobil 0160\/91 48 10 27, MichaJoho@t-online.de<br \/>\n<\/strong><\/p>\n","protected":false},"excerpt":{"rendered":"<p>Offener Brief an die Leitung der Asklepios-Klinik St. Georg\u00a0und Frau Gesundheitssenatorin Dr. Leonhard Betr.: Die drohende K\u00fcndigung der Betriebsr\u00e4tin Romana Knezevic durch die Asklepios-Klinik St. Georg\u00a0 St. Georg, den 19.1.2021 Solidarit\u00e4t mit Romana Knezevic!\u00a0Krankenpflegekraft und Betriebsr\u00e4tin in der Asklepios-Klinik St. Georg Von wegen \u201eDie \u00fcberw\u00e4ltigendste St\u00e4tte von N\u00e4chstenliebe und Wohlt\u00e4tigkeit\u201c, wie die Festschrift zum 175. &hellip; <a href=\"https:\/\/ev-stgeorg.de\/?p=1420\" class=\"more-link\"><span class=\"screen-reader-text\">Solidarit\u00e4t mit Romana Knezevic<\/span> weiterlesen <span class=\"meta-nav\">&rarr;<\/span><\/a><\/p>\n","protected":false},"author":1,"featured_media":0,"comment_status":"closed","ping_status":"closed","sticky":false,"template":"","format":"aside","meta":{"footnotes":""},"categories":[52,5,3],"tags":[],"yoast_head":"<!-- This site is optimized with the Yoast SEO plugin v24.5 - https:\/\/yoast.com\/wordpress\/plugins\/seo\/ -->\n<title>Solidarit\u00e4t mit Romana Knezevic - Einwohner*innen-verein St. Georg<\/title>\n<meta name=\"robots\" content=\"index, follow, max-snippet:-1, max-image-preview:large, max-video-preview:-1\" \/>\n<link rel=\"canonical\" href=\"https:\/\/ev-stgeorg.de\/?p=1420\" \/>\n<meta property=\"og:locale\" content=\"de_DE\" \/>\n<meta property=\"og:type\" content=\"article\" \/>\n<meta property=\"og:title\" content=\"Solidarit\u00e4t mit Romana Knezevic - Einwohner*innen-verein St. Georg\" \/>\n<meta property=\"og:description\" content=\"Offener Brief an die Leitung der Asklepios-Klinik St. Georg\u00a0und Frau Gesundheitssenatorin Dr. Leonhard Betr.: Die drohende K\u00fcndigung der Betriebsr\u00e4tin Romana Knezevic durch die Asklepios-Klinik St. Georg\u00a0 St. Georg, den 19.1.2021 Solidarit\u00e4t mit Romana Knezevic!\u00a0Krankenpflegekraft und Betriebsr\u00e4tin in der Asklepios-Klinik St. Georg Von wegen \u201eDie \u00fcberw\u00e4ltigendste St\u00e4tte von N\u00e4chstenliebe und Wohlt\u00e4tigkeit\u201c, wie die Festschrift zum 175. &hellip; Solidarit\u00e4t mit Romana Knezevic weiterlesen &rarr;\" \/>\n<meta property=\"og:url\" content=\"https:\/\/ev-stgeorg.de\/?p=1420\" \/>\n<meta property=\"og:site_name\" content=\"Einwohner*innen-verein St. Georg\" \/>\n<meta property=\"article:publisher\" content=\"https:\/\/ev-stgeorg.de\/\" \/>\n<meta property=\"article:published_time\" content=\"2021-01-22T16:02:17+00:00\" \/>\n<meta property=\"article:modified_time\" content=\"2021-04-11T12:28:07+00:00\" \/>\n<meta name=\"author\" content=\"admin\" \/>\n<meta name=\"twitter:card\" content=\"summary_large_image\" \/>\n<meta name=\"twitter:label1\" content=\"Verfasst von\" \/>\n\t<meta name=\"twitter:data1\" content=\"admin\" \/>\n\t<meta name=\"twitter:label2\" content=\"Gesch\u00e4tzte Lesezeit\" \/>\n\t<meta name=\"twitter:data2\" content=\"2\u00a0Minuten\" \/>\n<script type=\"application\/ld+json\" class=\"yoast-schema-graph\">{\"@context\":\"https:\/\/schema.org\",\"@graph\":[{\"@type\":\"WebPage\",\"@id\":\"https:\/\/ev-stgeorg.de\/?p=1420\",\"url\":\"https:\/\/ev-stgeorg.de\/?p=1420\",\"name\":\"Solidarit\u00e4t mit Romana Knezevic - Einwohner*innen-verein St. Georg\",\"isPartOf\":{\"@id\":\"https:\/\/ev-stgeorg.de\/#website\"},\"datePublished\":\"2021-01-22T16:02:17+00:00\",\"dateModified\":\"2021-04-11T12:28:07+00:00\",\"author\":{\"@id\":\"https:\/\/ev-stgeorg.de\/#\/schema\/person\/7da671f7f33882c3b9a65ee7a61d28f4\"},\"breadcrumb\":{\"@id\":\"https:\/\/ev-stgeorg.de\/?p=1420#breadcrumb\"},\"inLanguage\":\"de\",\"potentialAction\":[{\"@type\":\"ReadAction\",\"target\":[\"https:\/\/ev-stgeorg.de\/?p=1420\"]}]},{\"@type\":\"BreadcrumbList\",\"@id\":\"https:\/\/ev-stgeorg.de\/?p=1420#breadcrumb\",\"itemListElement\":[{\"@type\":\"ListItem\",\"position\":1,\"name\":\"Startseite\",\"item\":\"https:\/\/ev-stgeorg.de\/\"},{\"@type\":\"ListItem\",\"position\":2,\"name\":\"Solidarit\u00e4t mit Romana Knezevic\"}]},{\"@type\":\"WebSite\",\"@id\":\"https:\/\/ev-stgeorg.de\/#website\",\"url\":\"https:\/\/ev-stgeorg.de\/\",\"name\":\"Einwohnerverein St. Georg\",\"description\":\"von 1987 e.V.\",\"potentialAction\":[{\"@type\":\"SearchAction\",\"target\":{\"@type\":\"EntryPoint\",\"urlTemplate\":\"https:\/\/ev-stgeorg.de\/?s={search_term_string}\"},\"query-input\":{\"@type\":\"PropertyValueSpecification\",\"valueRequired\":true,\"valueName\":\"search_term_string\"}}],\"inLanguage\":\"de\"},{\"@type\":\"Person\",\"@id\":\"https:\/\/ev-stgeorg.de\/#\/schema\/person\/7da671f7f33882c3b9a65ee7a61d28f4\",\"name\":\"admin\",\"image\":{\"@type\":\"ImageObject\",\"inLanguage\":\"de\",\"@id\":\"https:\/\/ev-stgeorg.de\/#\/schema\/person\/image\/\",\"url\":\"https:\/\/secure.gravatar.com\/avatar\/30ce465bbd39980cb03bf85160fa2b31?s=96&d=mm&r=g\",\"contentUrl\":\"https:\/\/secure.gravatar.com\/avatar\/30ce465bbd39980cb03bf85160fa2b31?s=96&d=mm&r=g\",\"caption\":\"admin\"},\"sameAs\":[\"http:\/\/2021.ev-stgeorg.de\"],\"url\":\"https:\/\/ev-stgeorg.de\/?author=1\"}]}<\/script>\n<!-- \/ Yoast SEO plugin. -->","yoast_head_json":{"title":"Solidarit\u00e4t mit Romana Knezevic - Einwohner*innen-verein St. Georg","robots":{"index":"index","follow":"follow","max-snippet":"max-snippet:-1","max-image-preview":"max-image-preview:large","max-video-preview":"max-video-preview:-1"},"canonical":"https:\/\/ev-stgeorg.de\/?p=1420","og_locale":"de_DE","og_type":"article","og_title":"Solidarit\u00e4t mit Romana Knezevic - Einwohner*innen-verein St. Georg","og_description":"Offener Brief an die Leitung der Asklepios-Klinik St. Georg\u00a0und Frau Gesundheitssenatorin Dr. Leonhard Betr.: Die drohende K\u00fcndigung der Betriebsr\u00e4tin Romana Knezevic durch die Asklepios-Klinik St. Georg\u00a0 St. Georg, den 19.1.2021 Solidarit\u00e4t mit Romana Knezevic!\u00a0Krankenpflegekraft und Betriebsr\u00e4tin in der Asklepios-Klinik St. Georg Von wegen \u201eDie \u00fcberw\u00e4ltigendste St\u00e4tte von N\u00e4chstenliebe und Wohlt\u00e4tigkeit\u201c, wie die Festschrift zum 175. &hellip; Solidarit\u00e4t mit Romana Knezevic weiterlesen &rarr;","og_url":"https:\/\/ev-stgeorg.de\/?p=1420","og_site_name":"Einwohner*innen-verein St. Georg","article_publisher":"https:\/\/ev-stgeorg.de\/","article_published_time":"2021-01-22T16:02:17+00:00","article_modified_time":"2021-04-11T12:28:07+00:00","author":"admin","twitter_card":"summary_large_image","twitter_misc":{"Verfasst von":"admin","Gesch\u00e4tzte Lesezeit":"2\u00a0Minuten"},"schema":{"@context":"https:\/\/schema.org","@graph":[{"@type":"WebPage","@id":"https:\/\/ev-stgeorg.de\/?p=1420","url":"https:\/\/ev-stgeorg.de\/?p=1420","name":"Solidarit\u00e4t mit Romana Knezevic - Einwohner*innen-verein St. Georg","isPartOf":{"@id":"https:\/\/ev-stgeorg.de\/#website"},"datePublished":"2021-01-22T16:02:17+00:00","dateModified":"2021-04-11T12:28:07+00:00","author":{"@id":"https:\/\/ev-stgeorg.de\/#\/schema\/person\/7da671f7f33882c3b9a65ee7a61d28f4"},"breadcrumb":{"@id":"https:\/\/ev-stgeorg.de\/?p=1420#breadcrumb"},"inLanguage":"de","potentialAction":[{"@type":"ReadAction","target":["https:\/\/ev-stgeorg.de\/?p=1420"]}]},{"@type":"BreadcrumbList","@id":"https:\/\/ev-stgeorg.de\/?p=1420#breadcrumb","itemListElement":[{"@type":"ListItem","position":1,"name":"Startseite","item":"https:\/\/ev-stgeorg.de\/"},{"@type":"ListItem","position":2,"name":"Solidarit\u00e4t mit Romana Knezevic"}]},{"@type":"WebSite","@id":"https:\/\/ev-stgeorg.de\/#website","url":"https:\/\/ev-stgeorg.de\/","name":"Einwohnerverein St. Georg","description":"von 1987 e.V.","potentialAction":[{"@type":"SearchAction","target":{"@type":"EntryPoint","urlTemplate":"https:\/\/ev-stgeorg.de\/?s={search_term_string}"},"query-input":{"@type":"PropertyValueSpecification","valueRequired":true,"valueName":"search_term_string"}}],"inLanguage":"de"},{"@type":"Person","@id":"https:\/\/ev-stgeorg.de\/#\/schema\/person\/7da671f7f33882c3b9a65ee7a61d28f4","name":"admin","image":{"@type":"ImageObject","inLanguage":"de","@id":"https:\/\/ev-stgeorg.de\/#\/schema\/person\/image\/","url":"https:\/\/secure.gravatar.com\/avatar\/30ce465bbd39980cb03bf85160fa2b31?s=96&d=mm&r=g","contentUrl":"https:\/\/secure.gravatar.com\/avatar\/30ce465bbd39980cb03bf85160fa2b31?s=96&d=mm&r=g","caption":"admin"},"sameAs":["http:\/\/2021.ev-stgeorg.de"],"url":"https:\/\/ev-stgeorg.de\/?author=1"}]}},"_links":{"self":[{"href":"https:\/\/ev-stgeorg.de\/index.php?rest_route=\/wp\/v2\/posts\/1420"}],"collection":[{"href":"https:\/\/ev-stgeorg.de\/index.php?rest_route=\/wp\/v2\/posts"}],"about":[{"href":"https:\/\/ev-stgeorg.de\/index.php?rest_route=\/wp\/v2\/types\/post"}],"author":[{"embeddable":true,"href":"https:\/\/ev-stgeorg.de\/index.php?rest_route=\/wp\/v2\/users\/1"}],"replies":[{"embeddable":true,"href":"https:\/\/ev-stgeorg.de\/index.php?rest_route=%2Fwp%2Fv2%2Fcomments&post=1420"}],"version-history":[{"count":1,"href":"https:\/\/ev-stgeorg.de\/index.php?rest_route=\/wp\/v2\/posts\/1420\/revisions"}],"predecessor-version":[{"id":1421,"href":"https:\/\/ev-stgeorg.de\/index.php?rest_route=\/wp\/v2\/posts\/1420\/revisions\/1421"}],"wp:attachment":[{"href":"https:\/\/ev-stgeorg.de\/index.php?rest_route=%2Fwp%2Fv2%2Fmedia&parent=1420"}],"wp:term":[{"taxonomy":"category","embeddable":true,"href":"https:\/\/ev-stgeorg.de\/index.php?rest_route=%2Fwp%2Fv2%2Fcategories&post=1420"},{"taxonomy":"post_tag","embeddable":true,"href":"https:\/\/ev-stgeorg.de\/index.php?rest_route=%2Fwp%2Fv2%2Ftags&post=1420"}],"curies":[{"name":"wp","href":"https:\/\/api.w.org\/{rel}","templated":true}]}}