{"id":2054,"date":"2022-06-12T07:40:36","date_gmt":"2022-06-12T07:40:36","guid":{"rendered":"https:\/\/ev-stgeorg.de\/?p=2054"},"modified":"2022-06-12T08:48:38","modified_gmt":"2022-06-12T08:48:38","slug":"video-protestaktion-gegen-kuendigung-danziger-str","status":"publish","type":"post","link":"https:\/\/ev-stgeorg.de\/?p=2054","title":{"rendered":"Video Protestaktion gegen K\u00fcndigung Danziger Str."},"content":{"rendered":"<h6>Vor dem B\u00fcro der Eigent\u00fcmerin Anette Gaedcke versammelten sich am Donnerstag die Ladeninhaber und Mitglieder des Einwohnervereins zur Protestaktion:<\/h6>\n<h6><iframe loading=\"lazy\" title=\"YouTube video player\" src=\"https:\/\/www.youtube.com\/embed\/dhzU91spUGQ\" width=\"560\" height=\"315\" frameborder=\"0\" allowfullscreen=\"allowfullscreen\"><\/iframe><br \/>\n<a href=\"https:\/\/www.pinkchannel.net\/video\/protest-gegen-kuendigungen-in-der-danziger-strasse-bei-der-eigentuemerin\/\" target=\"_blank\" rel=\"noopener\">https:\/\/www.pinkchannel.net\/video\/protest-gegen-kuendigungen-in-der-danziger-strasse-bei-der-eigentuemein\/<\/a><\/h6>\n","protected":false},"excerpt":{"rendered":"<p>Vor dem B\u00fcro der Eigent\u00fcmerin Anette Gaedcke versammelten sich am Donnerstag die Ladeninhaber und Mitglieder des Einwohnervereins zur Protestaktion: https:\/\/www.pinkchannel.net\/video\/protest-gegen-kuendigungen-in-der-danziger-strasse-bei-der-eigentuemein\/<\/p>\n","protected":false},"author":2,"featured_media":0,"comment_status":"closed","ping_status":"closed","sticky":false,"template":"","format":"video","meta":{"footnotes":""},"categories":[13,5],"tags":[],"yoast_head":"<!-- This site is optimized with the Yoast SEO plugin v24.5 - https:\/\/yoast.com\/wordpress\/plugins\/seo\/ -->\n<title>Video Protestaktion gegen K\u00fcndigung Danziger Str. - Einwohner*innen-verein St. Georg<\/title>\n<meta name=\"robots\" content=\"index, follow, max-snippet:-1, max-image-preview:large, max-video-preview:-1\" \/>\n<link rel=\"canonical\" href=\"https:\/\/ev-stgeorg.de\/?p=2054\" \/>\n<meta property=\"og:locale\" content=\"de_DE\" \/>\n<meta property=\"og:type\" content=\"article\" \/>\n<meta property=\"og:title\" content=\"Video Protestaktion gegen K\u00fcndigung Danziger Str. - Einwohner*innen-verein St. Georg\" \/>\n<meta property=\"og:description\" content=\"Vor dem B\u00fcro der Eigent\u00fcmerin Anette Gaedcke versammelten sich am Donnerstag die Ladeninhaber und Mitglieder des Einwohnervereins zur Protestaktion: https:\/\/www.pinkchannel.net\/video\/protest-gegen-kuendigungen-in-der-danziger-strasse-bei-der-eigentuemein\/\" \/>\n<meta property=\"og:url\" content=\"https:\/\/ev-stgeorg.de\/?p=2054\" \/>\n<meta property=\"og:site_name\" content=\"Einwohner*innen-verein St. Georg\" \/>\n<meta property=\"article:publisher\" content=\"https:\/\/ev-stgeorg.de\/\" \/>\n<meta property=\"article:published_time\" content=\"2022-06-12T07:40:36+00:00\" \/>\n<meta property=\"article:modified_time\" content=\"2022-06-12T08:48:38+00:00\" \/>\n<meta name=\"author\" content=\"Ulrich Gehner\" \/>\n<meta name=\"twitter:card\" content=\"summary_large_image\" \/>\n<meta name=\"twitter:label1\" content=\"Verfasst von\" \/>\n\t<meta name=\"twitter:data1\" content=\"Ulrich Gehner\" \/>\n\t<meta name=\"twitter:label2\" content=\"Gesch\u00e4tzte Lesezeit\" \/>\n\t<meta name=\"twitter:data2\" content=\"1\u00a0Minute\" \/>\n<script type=\"application\/ld+json\" class=\"yoast-schema-graph\">{\"@context\":\"https:\/\/schema.org\",\"@graph\":[{\"@type\":\"WebPage\",\"@id\":\"https:\/\/ev-stgeorg.de\/?p=2054\",\"url\":\"https:\/\/ev-stgeorg.de\/?p=2054\",\"name\":\"Video Protestaktion gegen K\u00fcndigung Danziger Str. - Einwohner*innen-verein St. Georg\",\"isPartOf\":{\"@id\":\"https:\/\/ev-stgeorg.de\/#website\"},\"datePublished\":\"2022-06-12T07:40:36+00:00\",\"dateModified\":\"2022-06-12T08:48:38+00:00\",\"author\":{\"@id\":\"https:\/\/ev-stgeorg.de\/#\/schema\/person\/f036ff18a346eacb4d43eceb66b944ef\"},\"breadcrumb\":{\"@id\":\"https:\/\/ev-stgeorg.de\/?p=2054#breadcrumb\"},\"inLanguage\":\"de\",\"potentialAction\":[{\"@type\":\"ReadAction\",\"target\":[\"https:\/\/ev-stgeorg.de\/?p=2054\"]}]},{\"@type\":\"BreadcrumbList\",\"@id\":\"https:\/\/ev-stgeorg.de\/?p=2054#breadcrumb\",\"itemListElement\":[{\"@type\":\"ListItem\",\"position\":1,\"name\":\"Startseite\",\"item\":\"https:\/\/ev-stgeorg.de\/\"},{\"@type\":\"ListItem\",\"position\":2,\"name\":\"Video Protestaktion gegen K\u00fcndigung Danziger Str.\"}]},{\"@type\":\"WebSite\",\"@id\":\"https:\/\/ev-stgeorg.de\/#website\",\"url\":\"https:\/\/ev-stgeorg.de\/\",\"name\":\"Einwohnerverein St. Georg\",\"description\":\"von 1987 e.V.\",\"potentialAction\":[{\"@type\":\"SearchAction\",\"target\":{\"@type\":\"EntryPoint\",\"urlTemplate\":\"https:\/\/ev-stgeorg.de\/?s={search_term_string}\"},\"query-input\":{\"@type\":\"PropertyValueSpecification\",\"valueRequired\":true,\"valueName\":\"search_term_string\"}}],\"inLanguage\":\"de\"},{\"@type\":\"Person\",\"@id\":\"https:\/\/ev-stgeorg.de\/#\/schema\/person\/f036ff18a346eacb4d43eceb66b944ef\",\"name\":\"Ulrich Gehner\",\"image\":{\"@type\":\"ImageObject\",\"inLanguage\":\"de\",\"@id\":\"https:\/\/ev-stgeorg.de\/#\/schema\/person\/image\/\",\"url\":\"https:\/\/secure.gravatar.com\/avatar\/6145a215ee0e2b7b9796b2cfa2d0ffdc?s=96&d=mm&r=g\",\"contentUrl\":\"https:\/\/secure.gravatar.com\/avatar\/6145a215ee0e2b7b9796b2cfa2d0ffdc?s=96&d=mm&r=g\",\"caption\":\"Ulrich Gehner\"},\"url\":\"https:\/\/ev-stgeorg.de\/?author=2\"}]}<\/script>\n<!-- \/ Yoast SEO plugin. -->","yoast_head_json":{"title":"Video Protestaktion gegen K\u00fcndigung Danziger Str. - Einwohner*innen-verein St. Georg","robots":{"index":"index","follow":"follow","max-snippet":"max-snippet:-1","max-image-preview":"max-image-preview:large","max-video-preview":"max-video-preview:-1"},"canonical":"https:\/\/ev-stgeorg.de\/?p=2054","og_locale":"de_DE","og_type":"article","og_title":"Video Protestaktion gegen K\u00fcndigung Danziger Str. - Einwohner*innen-verein St. Georg","og_description":"Vor dem B\u00fcro der Eigent\u00fcmerin Anette Gaedcke versammelten sich am Donnerstag die Ladeninhaber und Mitglieder des Einwohnervereins zur Protestaktion: https:\/\/www.pinkchannel.net\/video\/protest-gegen-kuendigungen-in-der-danziger-strasse-bei-der-eigentuemein\/","og_url":"https:\/\/ev-stgeorg.de\/?p=2054","og_site_name":"Einwohner*innen-verein St. Georg","article_publisher":"https:\/\/ev-stgeorg.de\/","article_published_time":"2022-06-12T07:40:36+00:00","article_modified_time":"2022-06-12T08:48:38+00:00","author":"Ulrich Gehner","twitter_card":"summary_large_image","twitter_misc":{"Verfasst von":"Ulrich Gehner","Gesch\u00e4tzte Lesezeit":"1\u00a0Minute"},"schema":{"@context":"https:\/\/schema.org","@graph":[{"@type":"WebPage","@id":"https:\/\/ev-stgeorg.de\/?p=2054","url":"https:\/\/ev-stgeorg.de\/?p=2054","name":"Video Protestaktion gegen K\u00fcndigung Danziger Str. - Einwohner*innen-verein St. Georg","isPartOf":{"@id":"https:\/\/ev-stgeorg.de\/#website"},"datePublished":"2022-06-12T07:40:36+00:00","dateModified":"2022-06-12T08:48:38+00:00","author":{"@id":"https:\/\/ev-stgeorg.de\/#\/schema\/person\/f036ff18a346eacb4d43eceb66b944ef"},"breadcrumb":{"@id":"https:\/\/ev-stgeorg.de\/?p=2054#breadcrumb"},"inLanguage":"de","potentialAction":[{"@type":"ReadAction","target":["https:\/\/ev-stgeorg.de\/?p=2054"]}]},{"@type":"BreadcrumbList","@id":"https:\/\/ev-stgeorg.de\/?p=2054#breadcrumb","itemListElement":[{"@type":"ListItem","position":1,"name":"Startseite","item":"https:\/\/ev-stgeorg.de\/"},{"@type":"ListItem","position":2,"name":"Video Protestaktion gegen K\u00fcndigung Danziger Str."}]},{"@type":"WebSite","@id":"https:\/\/ev-stgeorg.de\/#website","url":"https:\/\/ev-stgeorg.de\/","name":"Einwohnerverein St. Georg","description":"von 1987 e.V.","potentialAction":[{"@type":"SearchAction","target":{"@type":"EntryPoint","urlTemplate":"https:\/\/ev-stgeorg.de\/?s={search_term_string}"},"query-input":{"@type":"PropertyValueSpecification","valueRequired":true,"valueName":"search_term_string"}}],"inLanguage":"de"},{"@type":"Person","@id":"https:\/\/ev-stgeorg.de\/#\/schema\/person\/f036ff18a346eacb4d43eceb66b944ef","name":"Ulrich Gehner","image":{"@type":"ImageObject","inLanguage":"de","@id":"https:\/\/ev-stgeorg.de\/#\/schema\/person\/image\/","url":"https:\/\/secure.gravatar.com\/avatar\/6145a215ee0e2b7b9796b2cfa2d0ffdc?s=96&d=mm&r=g","contentUrl":"https:\/\/secure.gravatar.com\/avatar\/6145a215ee0e2b7b9796b2cfa2d0ffdc?s=96&d=mm&r=g","caption":"Ulrich Gehner"},"url":"https:\/\/ev-stgeorg.de\/?author=2"}]}},"_links":{"self":[{"href":"https:\/\/ev-stgeorg.de\/index.php?rest_route=\/wp\/v2\/posts\/2054"}],"collection":[{"href":"https:\/\/ev-stgeorg.de\/index.php?rest_route=\/wp\/v2\/posts"}],"about":[{"href":"https:\/\/ev-stgeorg.de\/index.php?rest_route=\/wp\/v2\/types\/post"}],"author":[{"embeddable":true,"href":"https:\/\/ev-stgeorg.de\/index.php?rest_route=\/wp\/v2\/users\/2"}],"replies":[{"embeddable":true,"href":"https:\/\/ev-stgeorg.de\/index.php?rest_route=%2Fwp%2Fv2%2Fcomments&post=2054"}],"version-history":[{"count":9,"href":"https:\/\/ev-stgeorg.de\/index.php?rest_route=\/wp\/v2\/posts\/2054\/revisions"}],"predecessor-version":[{"id":2063,"href":"https:\/\/ev-stgeorg.de\/index.php?rest_route=\/wp\/v2\/posts\/2054\/revisions\/2063"}],"wp:attachment":[{"href":"https:\/\/ev-stgeorg.de\/index.php?rest_route=%2Fwp%2Fv2%2Fmedia&parent=2054"}],"wp:term":[{"taxonomy":"category","embeddable":true,"href":"https:\/\/ev-stgeorg.de\/index.php?rest_route=%2Fwp%2Fv2%2Fcategories&post=2054"},{"taxonomy":"post_tag","embeddable":true,"href":"https:\/\/ev-stgeorg.de\/index.php?rest_route=%2Fwp%2Fv2%2Ftags&post=2054"}],"curies":[{"name":"wp","href":"https:\/\/api.w.org\/{rel}","templated":true}]}}