{"id":2283,"date":"2023-01-08T15:51:39","date_gmt":"2023-01-08T15:51:39","guid":{"rendered":"https:\/\/ev-stgeorg.de\/?p=2283"},"modified":"2023-01-08T15:51:39","modified_gmt":"2023-01-08T15:51:39","slug":"ev-antraege-stadtteilbeirat-30-11-22","status":"publish","type":"post","link":"https:\/\/ev-stgeorg.de\/?p=2283","title":{"rendered":"EV-Antr\u00e4ge Stadtteilbeirat 30.11.22"},"content":{"rendered":"<p><strong>Stadtteilbeirat St. Georg<br \/>\n<\/strong><strong>Sitzung 30. November 2022<\/strong><\/p>\n<p><strong>Beschluss zum Antrag Stellenwegfall Schorsch<\/strong><\/p>\n<p>Der Stadtteilbeirat St. Georg fordert, dass nach Wegfall einer Stelle im Schorsch in der Offenen Kinder- und Jugendarbeit (Spielaus Lohm\u00fchlenpark) sp\u00e4testens zum Fr\u00fchjahr 2023 eine neue Stelle geschaffen bzw. finanziert wird.<\/p>\n<p><strong>ABSTIMMUNG<\/strong><\/p>\n<p>Meinungsbild Plenum*:<br \/>\nJa:<strong> \u00a0\u00a0\u00a0\u00a0\u00a0 28\u00a0\u00a0\u00a0\u00a0\u00a0\u00a0\u00a0\u00a0\u00a0\u00a0\u00a0\u00a0\u00a0\u00a0\u00a0\u00a0\u00a0\u00a0\u00a0\u00a0\u00a0\u00a0\u00a0\u00a0\u00a0\u00a0\u00a0\u00a0\u00a0\u00a0<\/strong>Nein:\u00a0\u00a0 <strong>0\u00a0\u00a0\u00a0\u00a0\u00a0\u00a0\u00a0\u00a0\u00a0 <\/strong>\u00a0 \u00a0 \u00a0 \u00a0 \u00a0 \u00a0Enthaltung:\u00a0\u00a0\u00a0\u00a0\u00a0 <strong>2<\/strong><br \/>\nVotum Stadtteilbeirat:<br \/>\nJa: <strong> \u00a0\u00a0\u00a0\u00a0 8<\/strong>\u00a0\u00a0\u00a0\u00a0\u00a0\u00a0\u00a0\u00a0\u00a0\u00a0\u00a0\u00a0\u00a0\u00a0\u00a0\u00a0\u00a0\u00a0\u00a0\u00a0\u00a0\u00a0\u00a0\u00a0\u00a0\u00a0\u00a0\u00a0\u00a0\u00a0\u00a0\u00a0 Nein: \u00a0 <strong>0<\/strong>\u00a0\u00a0\u00a0\u00a0\u00a0\u00a0\u00a0\u00a0\u00a0\u00a0\u00a0\u00a0\u00a0\u00a0\u00a0\u00a0\u00a0\u00a0\u00a0\u00a0 Enthaltung: \u00a0\u00a0\u00a0 <strong>0<\/strong><\/p>\n<p><strong>\u00a0\u00a0\u00a0\u00a0\u00a0\u00a0\u00a0\u00a0\u00a0\u00a0\u00a0 Der Antrag ist einstimmig angenommen.<\/strong><\/p>\n<p>*Im Plenum sind rund 35 Personen anwesend.<\/p>\n<p><strong>\u00a0<\/strong><strong>Beschluss zum <\/strong><strong>Antrag des Einwohnervereins St. Georg von 1987 e.V. gegen die m\u00f6gliche Zerst\u00f6rung und Nicht-Wiederanbringung des H\u00fcbener-Wandbildes an einem der Abbruchgeb\u00e4ude der Heinrich-Wolgast-Schule<\/strong><\/p>\n<p>Im Jahre 2010 hat die Hamburger K\u00fcnstlerin Hildegund Schuster ein Wandgem\u00e4lde f\u00fcr den von Nazis hingerichteten antifaschistischen Jugendlichen Helmuth H\u00fcbener (1925-1942) geschaffen. Die Finanzierung erfolgte damals \u00fcber die Kunststiftung Heinrich Stegemann, namentlich \u00fcber deren Vorsitzende Annegret Moderegger. Das auf Fassadenplatten gemalte Wandbild wurden an einem zum Helmuth-H\u00fcbener-Gang gelegenen Geb\u00e4ude der Heinrich-Wolgast-Schule angebracht und am 14. November u.a. durch den fr\u00fcheren B\u00fcrgermeister Ortwin Runde 2010 eingeweiht.<\/p>\n<p>Der Ausbau der Schule erfordert nun neue Geb\u00e4ude, \u00e4ltere werden daf\u00fcr abgerissen, u.a. dasjenige, an dem das H\u00fcbener-Wandbild befestigt ist. Von der Beh\u00f6rdenabteilung Schulbau Hamburg ging im September 2022 der Hinweis aus, dass keine Chance gesehen werde, das Wandbild zu erhalten. Angeblich sei ein schadensfreier R\u00fcckbau der Fassadenplatten nicht m\u00f6glich \u2013 was erstaunt, weil genau dies schon einmal 2012 geschehen ist, um D\u00e4mmungsma\u00dfnahmen vorzunehmen.<\/p>\n<p>Wir m\u00f6chten mit diesem Antrag gegen eine etwaige Zerst\u00f6rung bzw. Nichtwiederanbringung der Fassadentafeln scharf protestieren. Gerade auch der Stadtteilbeirat St. Georg hat nicht nur der Einbenennung des Helmuth-H\u00fcbener-Ganges 2003 zugestimmt, sondern sich auch f\u00fcr das Wandbild stark gemacht. Dies auch mit Blick auf den Wandgem\u00e4lde-Ort \u2013 gelegen zwischen dem Haus der Jugend (heute IFZ), der Heinrich-Wolgast-Schule und der Kita St. Georg \u2013, der hinsichtlich des Gedenkens an das mit 17 Jahren j\u00fcngste Nazi-Opfer aus dem Widerstand kaum sinnvoller gew\u00e4hlt werden konnte.<\/p>\n<p><strong><u>Der Stadtteilbeirat St. Georg m\u00f6ge daher beschlie\u00dfen:<\/u><\/strong><\/p>\n<ol>\n<li>Da Gefahr im Verzug besteht, wird das Bezirksamt Hamburg-Mitte aufgefordert, sich <em>unmittelbar<\/em> mit Schulbau Hamburg (SBH) in Verbindung zu setzen und zu erreichen, dass das H\u00fcbener-Wandbild sorgsam abgenommen und eingelagert und baldm\u00f6glichst am Neubau m\u00f6glichst an derselben Stelle wieder angebracht, also auf jeden Fall erhalten wird.<\/li>\n<li>Das Bezirksamt wird gebeten, sich mit SBH dar\u00fcber zu verst\u00e4ndigen, auch hinsichtlich der Finanzierung, dass das im Fr\u00fchjahr 2022 durch Graffiti im unteren Bereich \u00fcbermalte Wandbild restauriert und wieder in den Originalzustand versetzt wird. Daf\u00fcr ist die Kooperation mit Hildegund Schuster zu suchen, die ihre Bereitschaft zur Gem\u00e4ldesanierung erkl\u00e4rt hat.<\/li>\n<\/ol>\n<p>In der Sitzung erg\u00e4nzte Punkte:<\/p>\n<ol>\n<li>Der Stadtteilbeirat fordert, dass die Baugenehmigung mit Auflagen zu versehen ist, dass das Gem\u00e4lde erhalten bleibt.<\/li>\n<li>Sofern der Erhalt des Wandbildes nicht m\u00f6glich ist, werden das Bezirksamt Hamburg-Mitte und Schulbau Hamburg aufgefordert, daf\u00fcr zu sorgen, dass ein neues Wandbild zum Helmuth-H\u00fcbener-Gang hin erstellt wird.<\/li>\n<li>Sollte ein neues Wandbild an anderer Stelle als zum Helmuth-H\u00fcbener-Gang hin entstehen m\u00fcssen, so fordert der Stadtteilbeirat St. Georg, dass dieses <em>auch nach<\/em> <em><u>deutlich sichtbar<\/u><\/em> an einem der Geb\u00e4ude der Heinwich-Wolgast-Schule entsteht.<\/li>\n<li>Der Stadtteilbeirat St. Georg fordert die sofortige Erkl\u00e4rung, dass ein Wandgem\u00e4lde f\u00fcr Helmuth H\u00fcbener weiter bestehen wird und die Finanzierung der genannten Ma\u00dfnahmen durch die Freie und Hansestadt Hamburg erfolgt.<\/li>\n<\/ol>\n<p><strong>ABSTIMMUNG<\/strong><\/p>\n<p>Meinungsbild Plenum*:<br \/>\nJa:<strong>\u00a0\u00a0\u00a0\u00a0\u00a0\u00a0 31\u00a0\u00a0\u00a0\u00a0\u00a0\u00a0\u00a0\u00a0\u00a0\u00a0\u00a0\u00a0\u00a0\u00a0\u00a0\u00a0\u00a0\u00a0\u00a0\u00a0\u00a0\u00a0\u00a0\u00a0\u00a0\u00a0\u00a0\u00a0\u00a0\u00a0 <\/strong>Nein:\u00a0\u00a0 <strong>0\u00a0\u00a0\u00a0\u00a0\u00a0\u00a0\u00a0\u00a0\u00a0 <\/strong>\u00a0 \u00a0 \u00a0 \u00a0 \u00a0 \u00a0Enthaltung:\u00a0\u00a0\u00a0\u00a0\u00a0 <strong>3<\/strong><br \/>\nVotum Stadtteilbeirat:<br \/>\nJa: \u00a0\u00a0\u00a0\u00a0\u00a0 <strong>7<\/strong>\u00a0\u00a0\u00a0\u00a0\u00a0\u00a0\u00a0\u00a0\u00a0\u00a0\u00a0\u00a0\u00a0\u00a0\u00a0\u00a0\u00a0\u00a0\u00a0\u00a0 \u00a0\u00a0\u00a0\u00a0\u00a0\u00a0\u00a0\u00a0\u00a0\u00a0\u00a0 Nein: \u00a0 <strong>0<\/strong>\u00a0\u00a0\u00a0\u00a0\u00a0\u00a0\u00a0\u00a0\u00a0\u00a0\u00a0\u00a0\u00a0\u00a0\u00a0\u00a0\u00a0\u00a0\u00a0\u00a0 Enthaltung: \u00a0\u00a0\u00a0 <strong>0<\/strong><\/p>\n<p><strong>Der Antrag ist einstimmig angenommen.<\/strong><\/p>\n<p>*Im Plenum sind rund 35 Personen anwesend.<strong><br \/>\n<\/strong>*Im Plenum sind rund 35 Personen anwesend.<\/p>\n<p><strong>\u00a0<\/strong><strong>Beschluss zum Antrag Brennerstra\u00dfe 80\/82<\/strong><\/p>\n<p>Der Eigent\u00fcmer des Wohngeb\u00e4udes in der Brennerstra\u00dfe 80\/82 hat einen Antrag auf Abbruchgenehmigung an das Bezirksamt Hamburg-Mitte eingereicht. Mit der Begr\u00fcndung der wirtschaftlichen Unzumutbarkeit, m\u00fcsse der Abbruchantrag laut Bezirksamt Hamburg-Mitte zeitnah genehmigt werden.<\/p>\n<p><strong><u>\u00a0<\/u><\/strong><strong><u>Der Stadtteilbeirat St. Georg m\u00f6ge daher beschlie\u00dfen:<\/u><\/strong><\/p>\n<p>Bitte folgende Formulierungen pr\u00fcfen:<\/p>\n<ol>\n<li>Der Stadtteilbeirat St. Georg spricht sich gegen den Abriss des Wohngeb\u00e4udes in der Brennerstra\u00dfe 80\/82 und damit gleichzeitig gegen den Wegfall g\u00fcnstigen Wohnraums in St. Georg aus und verweist dabei insbesondere auf die hier g\u00fcltige Soziale Erhaltensverordnung, die gerade dem Schutz der bestehenden Bev\u00f6lkerungsmischung dienen soll.<\/li>\n<li>Der Stadtteilbeirat fordert die sofortige Offenlegung der vorliegenden Gutachten, die zum Geb\u00e4ude und seiner Substanz erarbeitet wurden.<\/li>\n<li>Sollte es zu einem Abriss des genannten Geb\u00e4udes kommen, wird das Bezirksamt Hamburg-Mitte aufgefordert, den Eigent\u00fcmer zu verpflichten, rechtzeitig Ersatzwohnraum zu bieten und im Neubau einen Wiedereinzug zu vergleichbaren Mietpreisen zu garantieren.<\/li>\n<li>Der Stadtteilbeirat fordert zudem die Pr\u00fcfung, dass die Stadt Hamburg das betreffende Geb\u00e4ude g\u00fcnstig erwirbt, um es anschlie\u00dfend zu sanieren und ggfs. Sozialwohnungen daraus zu machen.<\/li>\n<\/ol>\n<p><strong>\u00a0<\/strong><\/p>\n<p><strong>ABSTIMMUNG<br \/>\n<\/strong>Meinungsbild Plenum*:<br \/>\nJa:<strong> \u00a0\u00a0\u00a0\u00a0\u00a0 22\u00a0\u00a0\u00a0\u00a0\u00a0\u00a0\u00a0\u00a0\u00a0\u00a0\u00a0\u00a0\u00a0\u00a0\u00a0\u00a0\u00a0\u00a0\u00a0\u00a0\u00a0\u00a0\u00a0\u00a0\u00a0\u00a0\u00a0\u00a0\u00a0\u00a0<\/strong>Nein:\u00a0\u00a0 <strong>0\u00a0\u00a0\u00a0\u00a0\u00a0\u00a0\u00a0\u00a0\u00a0 <\/strong>\u00a0 \u00a0 \u00a0 \u00a0 \u00a0 Enthaltung:\u00a0\u00a0\u00a0\u00a0\u00a0 <strong>0<\/strong><br \/>\nVotum Stadtteilbeirat:<br \/>\nJa: <strong> \u00a0\u00a0\u00a0\u00a0 6<\/strong>\u00a0\u00a0\u00a0\u00a0\u00a0\u00a0\u00a0\u00a0\u00a0\u00a0\u00a0\u00a0\u00a0\u00a0\u00a0\u00a0\u00a0\u00a0\u00a0\u00a0\u00a0\u00a0\u00a0\u00a0\u00a0\u00a0\u00a0\u00a0\u00a0\u00a0\u00a0\u00a0 Nein: \u00a0 <strong>0<\/strong>\u00a0\u00a0\u00a0\u00a0\u00a0\u00a0\u00a0\u00a0\u00a0\u00a0\u00a0\u00a0\u00a0\u00a0\u00a0\u00a0\u00a0\u00a0\u00a0\u00a0 Enthaltung: \u00a0\u00a0\u00a0 <strong>0<\/strong><\/p>\n<p><strong>Der Antrag ist einstimmig angenommen.<br \/>\n<\/strong>*Im Plenum sind rund 35 Personen anwesend<\/p>\n","protected":false},"excerpt":{"rendered":"<p>Stadtteilbeirat St. Georg Sitzung 30. November 2022 Beschluss zum Antrag Stellenwegfall Schorsch Der Stadtteilbeirat St. Georg fordert, dass nach Wegfall einer Stelle im Schorsch in der Offenen Kinder- und Jugendarbeit (Spielaus Lohm\u00fchlenpark) sp\u00e4testens zum Fr\u00fchjahr 2023 eine neue Stelle geschaffen bzw. finanziert wird. ABSTIMMUNG Meinungsbild Plenum*: Ja: \u00a0\u00a0\u00a0\u00a0\u00a0 28\u00a0\u00a0\u00a0\u00a0\u00a0\u00a0\u00a0\u00a0\u00a0\u00a0\u00a0\u00a0\u00a0\u00a0\u00a0\u00a0\u00a0\u00a0\u00a0\u00a0\u00a0\u00a0\u00a0\u00a0\u00a0\u00a0\u00a0\u00a0\u00a0\u00a0Nein:\u00a0\u00a0 0\u00a0\u00a0\u00a0\u00a0\u00a0\u00a0\u00a0\u00a0\u00a0 \u00a0 \u00a0 \u00a0 \u00a0 \u00a0 &hellip; <a href=\"https:\/\/ev-stgeorg.de\/?p=2283\" class=\"more-link\"><span class=\"screen-reader-text\">EV-Antr\u00e4ge Stadtteilbeirat 30.11.22<\/span> weiterlesen <span class=\"meta-nav\">&rarr;<\/span><\/a><\/p>\n","protected":false},"author":2,"featured_media":0,"comment_status":"closed","ping_status":"closed","sticky":false,"template":"","format":"standard","meta":{"footnotes":""},"categories":[1],"tags":[],"yoast_head":"<!-- This site is optimized with the Yoast SEO plugin v24.5 - https:\/\/yoast.com\/wordpress\/plugins\/seo\/ -->\n<title>EV-Antr\u00e4ge Stadtteilbeirat 30.11.22 - Einwohner*innen-verein St. Georg<\/title>\n<meta name=\"robots\" content=\"index, follow, max-snippet:-1, max-image-preview:large, max-video-preview:-1\" \/>\n<link rel=\"canonical\" href=\"https:\/\/ev-stgeorg.de\/?p=2283\" \/>\n<meta property=\"og:locale\" content=\"de_DE\" \/>\n<meta property=\"og:type\" content=\"article\" \/>\n<meta property=\"og:title\" content=\"EV-Antr\u00e4ge Stadtteilbeirat 30.11.22 - Einwohner*innen-verein St. Georg\" \/>\n<meta property=\"og:description\" content=\"Stadtteilbeirat St. Georg Sitzung 30. November 2022 Beschluss zum Antrag Stellenwegfall Schorsch Der Stadtteilbeirat St. Georg fordert, dass nach Wegfall einer Stelle im Schorsch in der Offenen Kinder- und Jugendarbeit (Spielaus Lohm\u00fchlenpark) sp\u00e4testens zum Fr\u00fchjahr 2023 eine neue Stelle geschaffen bzw. finanziert wird. ABSTIMMUNG Meinungsbild Plenum*: Ja: \u00a0\u00a0\u00a0\u00a0\u00a0 28\u00a0\u00a0\u00a0\u00a0\u00a0\u00a0\u00a0\u00a0\u00a0\u00a0\u00a0\u00a0\u00a0\u00a0\u00a0\u00a0\u00a0\u00a0\u00a0\u00a0\u00a0\u00a0\u00a0\u00a0\u00a0\u00a0\u00a0\u00a0\u00a0\u00a0Nein:\u00a0\u00a0 0\u00a0\u00a0\u00a0\u00a0\u00a0\u00a0\u00a0\u00a0\u00a0 \u00a0 \u00a0 \u00a0 \u00a0 \u00a0 &hellip; EV-Antr\u00e4ge Stadtteilbeirat 30.11.22 weiterlesen &rarr;\" \/>\n<meta property=\"og:url\" content=\"https:\/\/ev-stgeorg.de\/?p=2283\" \/>\n<meta property=\"og:site_name\" content=\"Einwohner*innen-verein St. Georg\" \/>\n<meta property=\"article:publisher\" content=\"https:\/\/ev-stgeorg.de\/\" \/>\n<meta property=\"article:published_time\" content=\"2023-01-08T15:51:39+00:00\" \/>\n<meta name=\"author\" content=\"Ulrich Gehner\" \/>\n<meta name=\"twitter:card\" content=\"summary_large_image\" \/>\n<meta name=\"twitter:label1\" content=\"Verfasst von\" \/>\n\t<meta name=\"twitter:data1\" content=\"Ulrich Gehner\" \/>\n\t<meta name=\"twitter:label2\" content=\"Gesch\u00e4tzte Lesezeit\" \/>\n\t<meta name=\"twitter:data2\" content=\"5\u00a0Minuten\" \/>\n<script type=\"application\/ld+json\" class=\"yoast-schema-graph\">{\"@context\":\"https:\/\/schema.org\",\"@graph\":[{\"@type\":\"WebPage\",\"@id\":\"https:\/\/ev-stgeorg.de\/?p=2283\",\"url\":\"https:\/\/ev-stgeorg.de\/?p=2283\",\"name\":\"EV-Antr\u00e4ge Stadtteilbeirat 30.11.22 - Einwohner*innen-verein St. Georg\",\"isPartOf\":{\"@id\":\"https:\/\/ev-stgeorg.de\/#website\"},\"datePublished\":\"2023-01-08T15:51:39+00:00\",\"author\":{\"@id\":\"https:\/\/ev-stgeorg.de\/#\/schema\/person\/f036ff18a346eacb4d43eceb66b944ef\"},\"breadcrumb\":{\"@id\":\"https:\/\/ev-stgeorg.de\/?p=2283#breadcrumb\"},\"inLanguage\":\"de\",\"potentialAction\":[{\"@type\":\"ReadAction\",\"target\":[\"https:\/\/ev-stgeorg.de\/?p=2283\"]}]},{\"@type\":\"BreadcrumbList\",\"@id\":\"https:\/\/ev-stgeorg.de\/?p=2283#breadcrumb\",\"itemListElement\":[{\"@type\":\"ListItem\",\"position\":1,\"name\":\"Startseite\",\"item\":\"https:\/\/ev-stgeorg.de\/\"},{\"@type\":\"ListItem\",\"position\":2,\"name\":\"EV-Antr\u00e4ge Stadtteilbeirat 30.11.22\"}]},{\"@type\":\"WebSite\",\"@id\":\"https:\/\/ev-stgeorg.de\/#website\",\"url\":\"https:\/\/ev-stgeorg.de\/\",\"name\":\"Einwohnerverein St. Georg\",\"description\":\"von 1987 e.V.\",\"potentialAction\":[{\"@type\":\"SearchAction\",\"target\":{\"@type\":\"EntryPoint\",\"urlTemplate\":\"https:\/\/ev-stgeorg.de\/?s={search_term_string}\"},\"query-input\":{\"@type\":\"PropertyValueSpecification\",\"valueRequired\":true,\"valueName\":\"search_term_string\"}}],\"inLanguage\":\"de\"},{\"@type\":\"Person\",\"@id\":\"https:\/\/ev-stgeorg.de\/#\/schema\/person\/f036ff18a346eacb4d43eceb66b944ef\",\"name\":\"Ulrich Gehner\",\"image\":{\"@type\":\"ImageObject\",\"inLanguage\":\"de\",\"@id\":\"https:\/\/ev-stgeorg.de\/#\/schema\/person\/image\/\",\"url\":\"https:\/\/secure.gravatar.com\/avatar\/6145a215ee0e2b7b9796b2cfa2d0ffdc?s=96&d=mm&r=g\",\"contentUrl\":\"https:\/\/secure.gravatar.com\/avatar\/6145a215ee0e2b7b9796b2cfa2d0ffdc?s=96&d=mm&r=g\",\"caption\":\"Ulrich Gehner\"},\"url\":\"https:\/\/ev-stgeorg.de\/?author=2\"}]}<\/script>\n<!-- \/ Yoast SEO plugin. -->","yoast_head_json":{"title":"EV-Antr\u00e4ge Stadtteilbeirat 30.11.22 - Einwohner*innen-verein St. Georg","robots":{"index":"index","follow":"follow","max-snippet":"max-snippet:-1","max-image-preview":"max-image-preview:large","max-video-preview":"max-video-preview:-1"},"canonical":"https:\/\/ev-stgeorg.de\/?p=2283","og_locale":"de_DE","og_type":"article","og_title":"EV-Antr\u00e4ge Stadtteilbeirat 30.11.22 - Einwohner*innen-verein St. Georg","og_description":"Stadtteilbeirat St. Georg Sitzung 30. November 2022 Beschluss zum Antrag Stellenwegfall Schorsch Der Stadtteilbeirat St. Georg fordert, dass nach Wegfall einer Stelle im Schorsch in der Offenen Kinder- und Jugendarbeit (Spielaus Lohm\u00fchlenpark) sp\u00e4testens zum Fr\u00fchjahr 2023 eine neue Stelle geschaffen bzw. finanziert wird. ABSTIMMUNG Meinungsbild Plenum*: Ja: \u00a0\u00a0\u00a0\u00a0\u00a0 28\u00a0\u00a0\u00a0\u00a0\u00a0\u00a0\u00a0\u00a0\u00a0\u00a0\u00a0\u00a0\u00a0\u00a0\u00a0\u00a0\u00a0\u00a0\u00a0\u00a0\u00a0\u00a0\u00a0\u00a0\u00a0\u00a0\u00a0\u00a0\u00a0\u00a0Nein:\u00a0\u00a0 0\u00a0\u00a0\u00a0\u00a0\u00a0\u00a0\u00a0\u00a0\u00a0 \u00a0 \u00a0 \u00a0 \u00a0 \u00a0 &hellip; EV-Antr\u00e4ge Stadtteilbeirat 30.11.22 weiterlesen &rarr;","og_url":"https:\/\/ev-stgeorg.de\/?p=2283","og_site_name":"Einwohner*innen-verein St. Georg","article_publisher":"https:\/\/ev-stgeorg.de\/","article_published_time":"2023-01-08T15:51:39+00:00","author":"Ulrich Gehner","twitter_card":"summary_large_image","twitter_misc":{"Verfasst von":"Ulrich Gehner","Gesch\u00e4tzte Lesezeit":"5\u00a0Minuten"},"schema":{"@context":"https:\/\/schema.org","@graph":[{"@type":"WebPage","@id":"https:\/\/ev-stgeorg.de\/?p=2283","url":"https:\/\/ev-stgeorg.de\/?p=2283","name":"EV-Antr\u00e4ge Stadtteilbeirat 30.11.22 - Einwohner*innen-verein St. Georg","isPartOf":{"@id":"https:\/\/ev-stgeorg.de\/#website"},"datePublished":"2023-01-08T15:51:39+00:00","author":{"@id":"https:\/\/ev-stgeorg.de\/#\/schema\/person\/f036ff18a346eacb4d43eceb66b944ef"},"breadcrumb":{"@id":"https:\/\/ev-stgeorg.de\/?p=2283#breadcrumb"},"inLanguage":"de","potentialAction":[{"@type":"ReadAction","target":["https:\/\/ev-stgeorg.de\/?p=2283"]}]},{"@type":"BreadcrumbList","@id":"https:\/\/ev-stgeorg.de\/?p=2283#breadcrumb","itemListElement":[{"@type":"ListItem","position":1,"name":"Startseite","item":"https:\/\/ev-stgeorg.de\/"},{"@type":"ListItem","position":2,"name":"EV-Antr\u00e4ge Stadtteilbeirat 30.11.22"}]},{"@type":"WebSite","@id":"https:\/\/ev-stgeorg.de\/#website","url":"https:\/\/ev-stgeorg.de\/","name":"Einwohnerverein St. Georg","description":"von 1987 e.V.","potentialAction":[{"@type":"SearchAction","target":{"@type":"EntryPoint","urlTemplate":"https:\/\/ev-stgeorg.de\/?s={search_term_string}"},"query-input":{"@type":"PropertyValueSpecification","valueRequired":true,"valueName":"search_term_string"}}],"inLanguage":"de"},{"@type":"Person","@id":"https:\/\/ev-stgeorg.de\/#\/schema\/person\/f036ff18a346eacb4d43eceb66b944ef","name":"Ulrich Gehner","image":{"@type":"ImageObject","inLanguage":"de","@id":"https:\/\/ev-stgeorg.de\/#\/schema\/person\/image\/","url":"https:\/\/secure.gravatar.com\/avatar\/6145a215ee0e2b7b9796b2cfa2d0ffdc?s=96&d=mm&r=g","contentUrl":"https:\/\/secure.gravatar.com\/avatar\/6145a215ee0e2b7b9796b2cfa2d0ffdc?s=96&d=mm&r=g","caption":"Ulrich Gehner"},"url":"https:\/\/ev-stgeorg.de\/?author=2"}]}},"_links":{"self":[{"href":"https:\/\/ev-stgeorg.de\/index.php?rest_route=\/wp\/v2\/posts\/2283"}],"collection":[{"href":"https:\/\/ev-stgeorg.de\/index.php?rest_route=\/wp\/v2\/posts"}],"about":[{"href":"https:\/\/ev-stgeorg.de\/index.php?rest_route=\/wp\/v2\/types\/post"}],"author":[{"embeddable":true,"href":"https:\/\/ev-stgeorg.de\/index.php?rest_route=\/wp\/v2\/users\/2"}],"replies":[{"embeddable":true,"href":"https:\/\/ev-stgeorg.de\/index.php?rest_route=%2Fwp%2Fv2%2Fcomments&post=2283"}],"version-history":[{"count":1,"href":"https:\/\/ev-stgeorg.de\/index.php?rest_route=\/wp\/v2\/posts\/2283\/revisions"}],"predecessor-version":[{"id":2284,"href":"https:\/\/ev-stgeorg.de\/index.php?rest_route=\/wp\/v2\/posts\/2283\/revisions\/2284"}],"wp:attachment":[{"href":"https:\/\/ev-stgeorg.de\/index.php?rest_route=%2Fwp%2Fv2%2Fmedia&parent=2283"}],"wp:term":[{"taxonomy":"category","embeddable":true,"href":"https:\/\/ev-stgeorg.de\/index.php?rest_route=%2Fwp%2Fv2%2Fcategories&post=2283"},{"taxonomy":"post_tag","embeddable":true,"href":"https:\/\/ev-stgeorg.de\/index.php?rest_route=%2Fwp%2Fv2%2Ftags&post=2283"}],"curies":[{"name":"wp","href":"https:\/\/api.w.org\/{rel}","templated":true}]}}