{"id":2549,"date":"2023-12-18T13:54:22","date_gmt":"2023-12-18T13:54:22","guid":{"rendered":"https:\/\/ev-stgeorg.de\/?p=2549"},"modified":"2023-12-18T13:54:30","modified_gmt":"2023-12-18T13:54:30","slug":"erklaerung-zur-ersten-sitzung-am-29-11-2023-nach-der-aufloesung-des-stadtteilbeirats-st-georg-auf-beschluss-der-bezirkskoalition-aus-spd-cdu-und-fdp-am-31-1-2023","status":"publish","type":"post","link":"https:\/\/ev-stgeorg.de\/?p=2549","title":{"rendered":"Erkl\u00e4rung zur ersten Sitzung am 29.11.2023 nach der Aufl\u00f6sung des Stadtteilbeirats St. Georg auf Beschluss der Bezirkskoalition aus SPD, CDU und FDP am 31.1.2023"},"content":{"rendered":"<p style=\"font-weight: 400;\">Wir machen\u2019s kurz:<\/p>\n<ol>\n<li>Der Stadtteilbeirat St. Georg war bis zu seiner letzten regul\u00e4ren Sitzung am 30.11. 2022 der \u00e4lteste und anerkannterma\u00dfen bestbesuchte Beirat in Hamburg.<\/li>\n<\/ol>\n<ol start=\"2\">\n<li>Das von der Deutschlandkoalition am 31.1.2023 beschlossene Verfahren zur sog., von oben aufgesetzten \u201eNeuausrichtung des Stadtteilbeirats\u201c ist gescheitert. Entgegen der verk\u00fcndeten und auch uns unserer Sicht richtigen Zielsetzung, mehr Menschen und neue Gruppen zu gewinnen, haben sich auf den <em>auch erst auf Druck<\/em> konzedierten <em>drei<\/em> Workshops des Bezirksamtes zusammen gerade so viele BesucherInnen eingefunden, wie auf jeder gut besuchten Stadtteilbeiratssitzung. An den von der Lawaetz-\u201eModeratorin\u201c anberaumten beiden Vorbereitungstreffen f\u00fcr die heutige Sitzung haben sich gerade mal 2 bzw. 3 Personen beteiligt. Es hat unterm Strich keine erkennbaren Bem\u00fchungen gegeben, den Kreis der aktiv Beteiligten an den Beiratssitzungen zu erweitern.<\/li>\n<\/ol>\n<ol start=\"3\">\n<li>Das n\u00e4hrt die Zweifel bzw. best\u00e4tigt die Bef\u00fcrchtungen, dass es bei der \u201eNeuausrichtung\u201c gar nicht um eine Erweiterung des Stadtteilbeirats ging, sondern um seine Zurichtung zu einem stromlinienf\u00f6rmigeren Gremium. Die <em>faktische Halbierung der \u201eBeteiligung\u201c auf f\u00fcnf Sitzungen zu je zwei Stunden pro Jahr<\/em>, die angek\u00fcndigte Begrenzung auf ein durch \u201eExpertInnen\u201c eingeleitetes Thema und <em>einen Antrag<\/em> dazu und gleichzeitig das zeitraubende methodische Zerfasern der eh schon kurzen Sitzung wird der vielf\u00e4ltigen Problemlage in St. Georg in keiner Weise gerecht.<\/li>\n<\/ol>\n<ol start=\"4\">\n<li>Ein Jahr lang ist dem Stadtteil die M\u00f6glichkeit genommen worden, zu aktuellen Entwicklungen Position zu beziehen und Forderungen zu erheben. Aber darum ging\u2019s ja auch, endlich Schluss damit zu machen, dass der Stadtteilbeirat zu verschiedenen St. Georger Fragen Stellung nimmt und vom Bezirk \u00c4nderungen verlangt. Aus dem sich unabh\u00e4ngig verstehenden Stadtteilbeirat ist nun offenbar ein <em>Stadtteilbeir\u00e4tchen von bezirklichen Gnaden<\/em> Mit der allenthalben betonten B\u00fcrgerInnenbeteiligung hat das nichts mehr zu tun. Im Gegenteil, die vom Bezirk mehrheitlich gewollte und von Lawaetz umgesetzte \u201eNeuausrichtung\u201c ist weniger als wir vorher hatten. Die Gr\u00e4ben sind damit vertieft worden, Bem\u00fchungen um eine einvernehmliche L\u00f6sung hat es nicht gegeben, jegliche Entschuldigung ist unterlassen worden, neues Vertrauen ist nicht aufgebaut, alle \u00c4nderungsvorschl\u00e4ge sind in den Wind geschlagen worden. Die Lust zur Teilnahme ist vielen von uns vergangen. Dabei h\u00e4tten wir <em>immer<\/em> an einer konstruktiven Verbesserung der Beiratsarbeit mitgewirkt. Aber nicht so.<\/li>\n<\/ol>\n<ol start=\"5\">\n<li>Das ganze Verfahren ist f\u00fcr die gut 50 Hamburger Stadtteilbeir\u00e4te einmalig, so viel Eingriff in deren Beteiligungsstruktur und Autonomie war nie.<\/li>\n<\/ol>\n","protected":false},"excerpt":{"rendered":"<p>Wir machen\u2019s kurz: Der Stadtteilbeirat St. Georg war bis zu seiner letzten regul\u00e4ren Sitzung am 30.11. 2022 der \u00e4lteste und anerkannterma\u00dfen bestbesuchte Beirat in Hamburg. Das von der Deutschlandkoalition am 31.1.2023 beschlossene Verfahren zur sog., von oben aufgesetzten \u201eNeuausrichtung des Stadtteilbeirats\u201c ist gescheitert. Entgegen der verk\u00fcndeten und auch uns unserer Sicht richtigen Zielsetzung, mehr Menschen &hellip; <a href=\"https:\/\/ev-stgeorg.de\/?p=2549\" class=\"more-link\"><span class=\"screen-reader-text\">Erkl\u00e4rung zur ersten Sitzung am 29.11.2023 nach der Aufl\u00f6sung des Stadtteilbeirats St. Georg auf Beschluss der Bezirkskoalition aus SPD, CDU und FDP am 31.1.2023<\/span> weiterlesen <span class=\"meta-nav\">&rarr;<\/span><\/a><\/p>\n","protected":false},"author":4,"featured_media":0,"comment_status":"closed","ping_status":"closed","sticky":false,"template":"","format":"standard","meta":{"footnotes":""},"categories":[1,43,5],"tags":[88,89,87],"yoast_head":"<!-- This site is optimized with the Yoast SEO plugin v24.5 - https:\/\/yoast.com\/wordpress\/plugins\/seo\/ -->\n<title>Erkl\u00e4rung zur ersten Sitzung am 29.11.2023 nach der Aufl\u00f6sung des Stadtteilbeirats St. Georg auf Beschluss der Bezirkskoalition aus SPD, CDU und FDP am 31.1.2023 - Einwohner*innen-verein St. Georg<\/title>\n<meta name=\"robots\" content=\"index, follow, max-snippet:-1, max-image-preview:large, max-video-preview:-1\" \/>\n<link rel=\"canonical\" href=\"https:\/\/ev-stgeorg.de\/?p=2549\" \/>\n<meta property=\"og:locale\" content=\"de_DE\" \/>\n<meta property=\"og:type\" content=\"article\" \/>\n<meta property=\"og:title\" content=\"Erkl\u00e4rung zur ersten Sitzung am 29.11.2023 nach der Aufl\u00f6sung des Stadtteilbeirats St. Georg auf Beschluss der Bezirkskoalition aus SPD, CDU und FDP am 31.1.2023 - Einwohner*innen-verein St. Georg\" \/>\n<meta property=\"og:description\" content=\"Wir machen\u2019s kurz: Der Stadtteilbeirat St. Georg war bis zu seiner letzten regul\u00e4ren Sitzung am 30.11. 2022 der \u00e4lteste und anerkannterma\u00dfen bestbesuchte Beirat in Hamburg. Das von der Deutschlandkoalition am 31.1.2023 beschlossene Verfahren zur sog., von oben aufgesetzten \u201eNeuausrichtung des Stadtteilbeirats\u201c ist gescheitert. Entgegen der verk\u00fcndeten und auch uns unserer Sicht richtigen Zielsetzung, mehr Menschen &hellip; Erkl\u00e4rung zur ersten Sitzung am 29.11.2023 nach der Aufl\u00f6sung des Stadtteilbeirats St. Georg auf Beschluss der Bezirkskoalition aus SPD, CDU und FDP am 31.1.2023 weiterlesen &rarr;\" \/>\n<meta property=\"og:url\" content=\"https:\/\/ev-stgeorg.de\/?p=2549\" \/>\n<meta property=\"og:site_name\" content=\"Einwohner*innen-verein St. Georg\" \/>\n<meta property=\"article:publisher\" content=\"https:\/\/ev-stgeorg.de\/\" \/>\n<meta property=\"article:published_time\" content=\"2023-12-18T13:54:22+00:00\" \/>\n<meta property=\"article:modified_time\" content=\"2023-12-18T13:54:30+00:00\" \/>\n<meta name=\"author\" content=\"Jan Basters\" \/>\n<meta name=\"twitter:card\" content=\"summary_large_image\" \/>\n<meta name=\"twitter:label1\" content=\"Verfasst von\" \/>\n\t<meta name=\"twitter:data1\" content=\"Jan Basters\" \/>\n\t<meta name=\"twitter:label2\" content=\"Gesch\u00e4tzte Lesezeit\" \/>\n\t<meta name=\"twitter:data2\" content=\"3\u00a0Minuten\" \/>\n<script type=\"application\/ld+json\" class=\"yoast-schema-graph\">{\"@context\":\"https:\/\/schema.org\",\"@graph\":[{\"@type\":\"WebPage\",\"@id\":\"https:\/\/ev-stgeorg.de\/?p=2549\",\"url\":\"https:\/\/ev-stgeorg.de\/?p=2549\",\"name\":\"Erkl\u00e4rung zur ersten Sitzung am 29.11.2023 nach der Aufl\u00f6sung des Stadtteilbeirats St. Georg auf Beschluss der Bezirkskoalition aus SPD, CDU und FDP am 31.1.2023 - Einwohner*innen-verein St. Georg\",\"isPartOf\":{\"@id\":\"https:\/\/ev-stgeorg.de\/#website\"},\"datePublished\":\"2023-12-18T13:54:22+00:00\",\"dateModified\":\"2023-12-18T13:54:30+00:00\",\"author\":{\"@id\":\"https:\/\/ev-stgeorg.de\/#\/schema\/person\/575a06cee5abb6c8594815349143a5e5\"},\"breadcrumb\":{\"@id\":\"https:\/\/ev-stgeorg.de\/?p=2549#breadcrumb\"},\"inLanguage\":\"de\",\"potentialAction\":[{\"@type\":\"ReadAction\",\"target\":[\"https:\/\/ev-stgeorg.de\/?p=2549\"]}]},{\"@type\":\"BreadcrumbList\",\"@id\":\"https:\/\/ev-stgeorg.de\/?p=2549#breadcrumb\",\"itemListElement\":[{\"@type\":\"ListItem\",\"position\":1,\"name\":\"Startseite\",\"item\":\"https:\/\/ev-stgeorg.de\/\"},{\"@type\":\"ListItem\",\"position\":2,\"name\":\"Erkl\u00e4rung zur ersten Sitzung am 29.11.2023 nach der Aufl\u00f6sung des Stadtteilbeirats St. Georg auf Beschluss der Bezirkskoalition aus SPD, CDU und FDP am 31.1.2023\"}]},{\"@type\":\"WebSite\",\"@id\":\"https:\/\/ev-stgeorg.de\/#website\",\"url\":\"https:\/\/ev-stgeorg.de\/\",\"name\":\"Einwohnerverein St. Georg\",\"description\":\"von 1987 e.V.\",\"potentialAction\":[{\"@type\":\"SearchAction\",\"target\":{\"@type\":\"EntryPoint\",\"urlTemplate\":\"https:\/\/ev-stgeorg.de\/?s={search_term_string}\"},\"query-input\":{\"@type\":\"PropertyValueSpecification\",\"valueRequired\":true,\"valueName\":\"search_term_string\"}}],\"inLanguage\":\"de\"},{\"@type\":\"Person\",\"@id\":\"https:\/\/ev-stgeorg.de\/#\/schema\/person\/575a06cee5abb6c8594815349143a5e5\",\"name\":\"Jan Basters\",\"image\":{\"@type\":\"ImageObject\",\"inLanguage\":\"de\",\"@id\":\"https:\/\/ev-stgeorg.de\/#\/schema\/person\/image\/\",\"url\":\"https:\/\/secure.gravatar.com\/avatar\/746a15b590a3a5f91a41d682a109e0af?s=96&d=mm&r=g\",\"contentUrl\":\"https:\/\/secure.gravatar.com\/avatar\/746a15b590a3a5f91a41d682a109e0af?s=96&d=mm&r=g\",\"caption\":\"Jan Basters\"},\"url\":\"https:\/\/ev-stgeorg.de\/?author=4\"}]}<\/script>\n<!-- \/ Yoast SEO plugin. -->","yoast_head_json":{"title":"Erkl\u00e4rung zur ersten Sitzung am 29.11.2023 nach der Aufl\u00f6sung des Stadtteilbeirats St. Georg auf Beschluss der Bezirkskoalition aus SPD, CDU und FDP am 31.1.2023 - Einwohner*innen-verein St. Georg","robots":{"index":"index","follow":"follow","max-snippet":"max-snippet:-1","max-image-preview":"max-image-preview:large","max-video-preview":"max-video-preview:-1"},"canonical":"https:\/\/ev-stgeorg.de\/?p=2549","og_locale":"de_DE","og_type":"article","og_title":"Erkl\u00e4rung zur ersten Sitzung am 29.11.2023 nach der Aufl\u00f6sung des Stadtteilbeirats St. Georg auf Beschluss der Bezirkskoalition aus SPD, CDU und FDP am 31.1.2023 - Einwohner*innen-verein St. Georg","og_description":"Wir machen\u2019s kurz: Der Stadtteilbeirat St. Georg war bis zu seiner letzten regul\u00e4ren Sitzung am 30.11. 2022 der \u00e4lteste und anerkannterma\u00dfen bestbesuchte Beirat in Hamburg. Das von der Deutschlandkoalition am 31.1.2023 beschlossene Verfahren zur sog., von oben aufgesetzten \u201eNeuausrichtung des Stadtteilbeirats\u201c ist gescheitert. Entgegen der verk\u00fcndeten und auch uns unserer Sicht richtigen Zielsetzung, mehr Menschen &hellip; Erkl\u00e4rung zur ersten Sitzung am 29.11.2023 nach der Aufl\u00f6sung des Stadtteilbeirats St. Georg auf Beschluss der Bezirkskoalition aus SPD, CDU und FDP am 31.1.2023 weiterlesen &rarr;","og_url":"https:\/\/ev-stgeorg.de\/?p=2549","og_site_name":"Einwohner*innen-verein St. Georg","article_publisher":"https:\/\/ev-stgeorg.de\/","article_published_time":"2023-12-18T13:54:22+00:00","article_modified_time":"2023-12-18T13:54:30+00:00","author":"Jan Basters","twitter_card":"summary_large_image","twitter_misc":{"Verfasst von":"Jan Basters","Gesch\u00e4tzte Lesezeit":"3\u00a0Minuten"},"schema":{"@context":"https:\/\/schema.org","@graph":[{"@type":"WebPage","@id":"https:\/\/ev-stgeorg.de\/?p=2549","url":"https:\/\/ev-stgeorg.de\/?p=2549","name":"Erkl\u00e4rung zur ersten Sitzung am 29.11.2023 nach der Aufl\u00f6sung des Stadtteilbeirats St. Georg auf Beschluss der Bezirkskoalition aus SPD, CDU und FDP am 31.1.2023 - Einwohner*innen-verein St. Georg","isPartOf":{"@id":"https:\/\/ev-stgeorg.de\/#website"},"datePublished":"2023-12-18T13:54:22+00:00","dateModified":"2023-12-18T13:54:30+00:00","author":{"@id":"https:\/\/ev-stgeorg.de\/#\/schema\/person\/575a06cee5abb6c8594815349143a5e5"},"breadcrumb":{"@id":"https:\/\/ev-stgeorg.de\/?p=2549#breadcrumb"},"inLanguage":"de","potentialAction":[{"@type":"ReadAction","target":["https:\/\/ev-stgeorg.de\/?p=2549"]}]},{"@type":"BreadcrumbList","@id":"https:\/\/ev-stgeorg.de\/?p=2549#breadcrumb","itemListElement":[{"@type":"ListItem","position":1,"name":"Startseite","item":"https:\/\/ev-stgeorg.de\/"},{"@type":"ListItem","position":2,"name":"Erkl\u00e4rung zur ersten Sitzung am 29.11.2023 nach der Aufl\u00f6sung des Stadtteilbeirats St. Georg auf Beschluss der Bezirkskoalition aus SPD, CDU und FDP am 31.1.2023"}]},{"@type":"WebSite","@id":"https:\/\/ev-stgeorg.de\/#website","url":"https:\/\/ev-stgeorg.de\/","name":"Einwohnerverein St. Georg","description":"von 1987 e.V.","potentialAction":[{"@type":"SearchAction","target":{"@type":"EntryPoint","urlTemplate":"https:\/\/ev-stgeorg.de\/?s={search_term_string}"},"query-input":{"@type":"PropertyValueSpecification","valueRequired":true,"valueName":"search_term_string"}}],"inLanguage":"de"},{"@type":"Person","@id":"https:\/\/ev-stgeorg.de\/#\/schema\/person\/575a06cee5abb6c8594815349143a5e5","name":"Jan Basters","image":{"@type":"ImageObject","inLanguage":"de","@id":"https:\/\/ev-stgeorg.de\/#\/schema\/person\/image\/","url":"https:\/\/secure.gravatar.com\/avatar\/746a15b590a3a5f91a41d682a109e0af?s=96&d=mm&r=g","contentUrl":"https:\/\/secure.gravatar.com\/avatar\/746a15b590a3a5f91a41d682a109e0af?s=96&d=mm&r=g","caption":"Jan Basters"},"url":"https:\/\/ev-stgeorg.de\/?author=4"}]}},"_links":{"self":[{"href":"https:\/\/ev-stgeorg.de\/index.php?rest_route=\/wp\/v2\/posts\/2549"}],"collection":[{"href":"https:\/\/ev-stgeorg.de\/index.php?rest_route=\/wp\/v2\/posts"}],"about":[{"href":"https:\/\/ev-stgeorg.de\/index.php?rest_route=\/wp\/v2\/types\/post"}],"author":[{"embeddable":true,"href":"https:\/\/ev-stgeorg.de\/index.php?rest_route=\/wp\/v2\/users\/4"}],"replies":[{"embeddable":true,"href":"https:\/\/ev-stgeorg.de\/index.php?rest_route=%2Fwp%2Fv2%2Fcomments&post=2549"}],"version-history":[{"count":2,"href":"https:\/\/ev-stgeorg.de\/index.php?rest_route=\/wp\/v2\/posts\/2549\/revisions"}],"predecessor-version":[{"id":2551,"href":"https:\/\/ev-stgeorg.de\/index.php?rest_route=\/wp\/v2\/posts\/2549\/revisions\/2551"}],"wp:attachment":[{"href":"https:\/\/ev-stgeorg.de\/index.php?rest_route=%2Fwp%2Fv2%2Fmedia&parent=2549"}],"wp:term":[{"taxonomy":"category","embeddable":true,"href":"https:\/\/ev-stgeorg.de\/index.php?rest_route=%2Fwp%2Fv2%2Fcategories&post=2549"},{"taxonomy":"post_tag","embeddable":true,"href":"https:\/\/ev-stgeorg.de\/index.php?rest_route=%2Fwp%2Fv2%2Ftags&post=2549"}],"curies":[{"name":"wp","href":"https:\/\/api.w.org\/{rel}","templated":true}]}}