{"id":46,"date":"2016-01-13T14:13:29","date_gmt":"2016-01-13T13:13:29","guid":{"rendered":"http:\/\/gw-stgeorg.de\/ev2\/wp\/?p=46"},"modified":"2016-01-16T19:22:19","modified_gmt":"2016-01-16T18:22:19","slug":"presseerklaerung-stadt-des-ankommens-vom-13-12-2015","status":"publish","type":"post","link":"https:\/\/ev-stgeorg.de\/?p=46","title":{"rendered":"Presseerkl\u00e4rung &#8222;Stadt des Ankommens&#8220; vom 13.12.2015"},"content":{"rendered":"<p>Am Freitag, den 11.12.2016, wurde in der HAW (Department Soziale Arbeit) die Tagung \u201eStadt des Ankommens\u201c durchgef\u00fchrt. Rund 300 TeilnehmerInnen aus dem Spektrum der Stadtteil- und Fl\u00fcchtlingsinitiativen, sozialer, kirchlicher und gewerkschaftlicher Gruppen und Gefl\u00fcchteten-Organisationen besch\u00e4ftigten sich den Nachmittag \u00fcber mit den Themen Zusammenleben, Selbstorganisation, Bildung und Arbeit und Wohnen. Anliegen war es dabei, \u00fcber konkrete Beispiele und Erfahrungen aus verschiedensten Zusammenh\u00e4ngen in Hamburg eine Vorstellung zu entwickeln, wie die Stadt des Ankommens aussehen kann und welche Bedingungen daf\u00fcr geschaffen werden m\u00fcssen. Am Abend wies der bekannte Stadtsoziologe, Prof. Dr. Walter Siebel in seinem Vortrag nach, dass der Zuzug von \u201eFremden\u201c f\u00fcr die Stadt der Alltag ist, ja konstitutiv in der Geschichte \u00fcberhaupt war.<\/p>\n<p><!--more--><\/p>\n<p>Wichtige, von dieser Tagung ausgehende Botschaften waren<\/p>\n<ul>\n<li>die dringend n\u00f6tige F\u00f6rderung migrantischer Selbstorganisation;<\/li>\n<li>ein betriebliches Jobprogramm, das mit st\u00e4dtischer Beteiligung und der Nutzung des Vergaberechts (analog der IBA) Gefl\u00fcchtete in Lohn und Brot bringt;<\/li>\n<li>die Orientierung auf das dezentrale, gemischte Wohnen der Gefl\u00fcchteten, erm\u00f6glicht durch die Beschlagnahmung von Wohnungs- und B\u00fcroleerst\u00e4nden sowie Quotenregelungen bei allen Grundst\u00fccksvergaben und Neubauvorhaben;<\/li>\n<li>die Aufforderung an das Bezirksamt Hamburg-Mitte, auf den Umzug in das ehemalige Springer-Geb\u00e4ude zu verzichten und dieses wenigstens teilweise zu Fl\u00fcchtlingswohnungen umzubauen.<\/li>\n<\/ul>\n<p>&nbsp;<\/p>\n<p>F\u00fcr das sich an diesem Tag abzeichnende hamburgweite Willkommensb\u00fcndnis f\u00e4ngt die Arbeit gerade erst an. Die auf der Tagung vorgelegte Erkl\u00e4rung soll daf\u00fcr als Grundlage der weiteren Diskussion dienen<\/p>\n","protected":false},"excerpt":{"rendered":"<p>Am Freitag, den 11.12.2016, wurde in der HAW (Department Soziale Arbeit) die Tagung \u201eStadt des Ankommens\u201c durchgef\u00fchrt. Rund 300 TeilnehmerInnen aus dem Spektrum der Stadtteil- und Fl\u00fcchtlingsinitiativen, sozialer, kirchlicher und gewerkschaftlicher Gruppen und Gefl\u00fcchteten-Organisationen besch\u00e4ftigten sich den Nachmittag \u00fcber mit den Themen Zusammenleben, Selbstorganisation, Bildung und Arbeit und Wohnen. Anliegen war es dabei, \u00fcber konkrete &hellip; <a href=\"https:\/\/ev-stgeorg.de\/?p=46\" class=\"more-link\"><span class=\"screen-reader-text\">Presseerkl\u00e4rung &#8222;Stadt des Ankommens&#8220; vom 13.12.2015<\/span> weiterlesen <span class=\"meta-nav\">&rarr;<\/span><\/a><\/p>\n","protected":false},"author":1,"featured_media":0,"comment_status":"closed","ping_status":"closed","sticky":false,"template":"","format":"standard","meta":{"footnotes":""},"categories":[9,3],"tags":[4],"yoast_head":"<!-- This site is optimized with the Yoast SEO plugin v24.5 - https:\/\/yoast.com\/wordpress\/plugins\/seo\/ -->\n<title>Presseerkl\u00e4rung &quot;Stadt des Ankommens&quot; vom 13.12.2015 - Einwohner*innen-verein St. Georg<\/title>\n<meta name=\"robots\" content=\"index, follow, max-snippet:-1, max-image-preview:large, max-video-preview:-1\" \/>\n<link rel=\"canonical\" href=\"https:\/\/ev-stgeorg.de\/?p=46\" \/>\n<meta property=\"og:locale\" content=\"de_DE\" \/>\n<meta property=\"og:type\" content=\"article\" \/>\n<meta property=\"og:title\" content=\"Presseerkl\u00e4rung &quot;Stadt des Ankommens&quot; vom 13.12.2015 - Einwohner*innen-verein St. Georg\" \/>\n<meta property=\"og:description\" content=\"Am Freitag, den 11.12.2016, wurde in der HAW (Department Soziale Arbeit) die Tagung \u201eStadt des Ankommens\u201c durchgef\u00fchrt. Rund 300 TeilnehmerInnen aus dem Spektrum der Stadtteil- und Fl\u00fcchtlingsinitiativen, sozialer, kirchlicher und gewerkschaftlicher Gruppen und Gefl\u00fcchteten-Organisationen besch\u00e4ftigten sich den Nachmittag \u00fcber mit den Themen Zusammenleben, Selbstorganisation, Bildung und Arbeit und Wohnen. Anliegen war es dabei, \u00fcber konkrete &hellip; Presseerkl\u00e4rung &#8222;Stadt des Ankommens&#8220; vom 13.12.2015 weiterlesen &rarr;\" \/>\n<meta property=\"og:url\" content=\"https:\/\/ev-stgeorg.de\/?p=46\" \/>\n<meta property=\"og:site_name\" content=\"Einwohner*innen-verein St. Georg\" \/>\n<meta property=\"article:publisher\" content=\"https:\/\/ev-stgeorg.de\/\" \/>\n<meta property=\"article:published_time\" content=\"2016-01-13T13:13:29+00:00\" \/>\n<meta property=\"article:modified_time\" content=\"2016-01-16T18:22:19+00:00\" \/>\n<meta name=\"author\" content=\"admin\" \/>\n<meta name=\"twitter:card\" content=\"summary_large_image\" \/>\n<meta name=\"twitter:label1\" content=\"Verfasst von\" \/>\n\t<meta name=\"twitter:data1\" content=\"admin\" \/>\n\t<meta name=\"twitter:label2\" content=\"Gesch\u00e4tzte Lesezeit\" \/>\n\t<meta name=\"twitter:data2\" content=\"1\u00a0Minute\" \/>\n<script type=\"application\/ld+json\" class=\"yoast-schema-graph\">{\"@context\":\"https:\/\/schema.org\",\"@graph\":[{\"@type\":\"WebPage\",\"@id\":\"https:\/\/ev-stgeorg.de\/?p=46\",\"url\":\"https:\/\/ev-stgeorg.de\/?p=46\",\"name\":\"Presseerkl\u00e4rung \\\"Stadt des Ankommens\\\" vom 13.12.2015 - Einwohner*innen-verein St. Georg\",\"isPartOf\":{\"@id\":\"https:\/\/ev-stgeorg.de\/#website\"},\"datePublished\":\"2016-01-13T13:13:29+00:00\",\"dateModified\":\"2016-01-16T18:22:19+00:00\",\"author\":{\"@id\":\"https:\/\/ev-stgeorg.de\/#\/schema\/person\/7da671f7f33882c3b9a65ee7a61d28f4\"},\"breadcrumb\":{\"@id\":\"https:\/\/ev-stgeorg.de\/?p=46#breadcrumb\"},\"inLanguage\":\"de\",\"potentialAction\":[{\"@type\":\"ReadAction\",\"target\":[\"https:\/\/ev-stgeorg.de\/?p=46\"]}]},{\"@type\":\"BreadcrumbList\",\"@id\":\"https:\/\/ev-stgeorg.de\/?p=46#breadcrumb\",\"itemListElement\":[{\"@type\":\"ListItem\",\"position\":1,\"name\":\"Startseite\",\"item\":\"https:\/\/ev-stgeorg.de\/\"},{\"@type\":\"ListItem\",\"position\":2,\"name\":\"Presseerkl\u00e4rung &#8222;Stadt des Ankommens&#8220; vom 13.12.2015\"}]},{\"@type\":\"WebSite\",\"@id\":\"https:\/\/ev-stgeorg.de\/#website\",\"url\":\"https:\/\/ev-stgeorg.de\/\",\"name\":\"Einwohnerverein St. Georg\",\"description\":\"von 1987 e.V.\",\"potentialAction\":[{\"@type\":\"SearchAction\",\"target\":{\"@type\":\"EntryPoint\",\"urlTemplate\":\"https:\/\/ev-stgeorg.de\/?s={search_term_string}\"},\"query-input\":{\"@type\":\"PropertyValueSpecification\",\"valueRequired\":true,\"valueName\":\"search_term_string\"}}],\"inLanguage\":\"de\"},{\"@type\":\"Person\",\"@id\":\"https:\/\/ev-stgeorg.de\/#\/schema\/person\/7da671f7f33882c3b9a65ee7a61d28f4\",\"name\":\"admin\",\"image\":{\"@type\":\"ImageObject\",\"inLanguage\":\"de\",\"@id\":\"https:\/\/ev-stgeorg.de\/#\/schema\/person\/image\/\",\"url\":\"https:\/\/secure.gravatar.com\/avatar\/30ce465bbd39980cb03bf85160fa2b31?s=96&d=mm&r=g\",\"contentUrl\":\"https:\/\/secure.gravatar.com\/avatar\/30ce465bbd39980cb03bf85160fa2b31?s=96&d=mm&r=g\",\"caption\":\"admin\"},\"sameAs\":[\"http:\/\/2021.ev-stgeorg.de\"],\"url\":\"https:\/\/ev-stgeorg.de\/?author=1\"}]}<\/script>\n<!-- \/ Yoast SEO plugin. -->","yoast_head_json":{"title":"Presseerkl\u00e4rung \"Stadt des Ankommens\" vom 13.12.2015 - Einwohner*innen-verein St. Georg","robots":{"index":"index","follow":"follow","max-snippet":"max-snippet:-1","max-image-preview":"max-image-preview:large","max-video-preview":"max-video-preview:-1"},"canonical":"https:\/\/ev-stgeorg.de\/?p=46","og_locale":"de_DE","og_type":"article","og_title":"Presseerkl\u00e4rung \"Stadt des Ankommens\" vom 13.12.2015 - Einwohner*innen-verein St. Georg","og_description":"Am Freitag, den 11.12.2016, wurde in der HAW (Department Soziale Arbeit) die Tagung \u201eStadt des Ankommens\u201c durchgef\u00fchrt. Rund 300 TeilnehmerInnen aus dem Spektrum der Stadtteil- und Fl\u00fcchtlingsinitiativen, sozialer, kirchlicher und gewerkschaftlicher Gruppen und Gefl\u00fcchteten-Organisationen besch\u00e4ftigten sich den Nachmittag \u00fcber mit den Themen Zusammenleben, Selbstorganisation, Bildung und Arbeit und Wohnen. Anliegen war es dabei, \u00fcber konkrete &hellip; Presseerkl\u00e4rung &#8222;Stadt des Ankommens&#8220; vom 13.12.2015 weiterlesen &rarr;","og_url":"https:\/\/ev-stgeorg.de\/?p=46","og_site_name":"Einwohner*innen-verein St. Georg","article_publisher":"https:\/\/ev-stgeorg.de\/","article_published_time":"2016-01-13T13:13:29+00:00","article_modified_time":"2016-01-16T18:22:19+00:00","author":"admin","twitter_card":"summary_large_image","twitter_misc":{"Verfasst von":"admin","Gesch\u00e4tzte Lesezeit":"1\u00a0Minute"},"schema":{"@context":"https:\/\/schema.org","@graph":[{"@type":"WebPage","@id":"https:\/\/ev-stgeorg.de\/?p=46","url":"https:\/\/ev-stgeorg.de\/?p=46","name":"Presseerkl\u00e4rung \"Stadt des Ankommens\" vom 13.12.2015 - Einwohner*innen-verein St. Georg","isPartOf":{"@id":"https:\/\/ev-stgeorg.de\/#website"},"datePublished":"2016-01-13T13:13:29+00:00","dateModified":"2016-01-16T18:22:19+00:00","author":{"@id":"https:\/\/ev-stgeorg.de\/#\/schema\/person\/7da671f7f33882c3b9a65ee7a61d28f4"},"breadcrumb":{"@id":"https:\/\/ev-stgeorg.de\/?p=46#breadcrumb"},"inLanguage":"de","potentialAction":[{"@type":"ReadAction","target":["https:\/\/ev-stgeorg.de\/?p=46"]}]},{"@type":"BreadcrumbList","@id":"https:\/\/ev-stgeorg.de\/?p=46#breadcrumb","itemListElement":[{"@type":"ListItem","position":1,"name":"Startseite","item":"https:\/\/ev-stgeorg.de\/"},{"@type":"ListItem","position":2,"name":"Presseerkl\u00e4rung &#8222;Stadt des Ankommens&#8220; vom 13.12.2015"}]},{"@type":"WebSite","@id":"https:\/\/ev-stgeorg.de\/#website","url":"https:\/\/ev-stgeorg.de\/","name":"Einwohnerverein St. Georg","description":"von 1987 e.V.","potentialAction":[{"@type":"SearchAction","target":{"@type":"EntryPoint","urlTemplate":"https:\/\/ev-stgeorg.de\/?s={search_term_string}"},"query-input":{"@type":"PropertyValueSpecification","valueRequired":true,"valueName":"search_term_string"}}],"inLanguage":"de"},{"@type":"Person","@id":"https:\/\/ev-stgeorg.de\/#\/schema\/person\/7da671f7f33882c3b9a65ee7a61d28f4","name":"admin","image":{"@type":"ImageObject","inLanguage":"de","@id":"https:\/\/ev-stgeorg.de\/#\/schema\/person\/image\/","url":"https:\/\/secure.gravatar.com\/avatar\/30ce465bbd39980cb03bf85160fa2b31?s=96&d=mm&r=g","contentUrl":"https:\/\/secure.gravatar.com\/avatar\/30ce465bbd39980cb03bf85160fa2b31?s=96&d=mm&r=g","caption":"admin"},"sameAs":["http:\/\/2021.ev-stgeorg.de"],"url":"https:\/\/ev-stgeorg.de\/?author=1"}]}},"_links":{"self":[{"href":"https:\/\/ev-stgeorg.de\/index.php?rest_route=\/wp\/v2\/posts\/46"}],"collection":[{"href":"https:\/\/ev-stgeorg.de\/index.php?rest_route=\/wp\/v2\/posts"}],"about":[{"href":"https:\/\/ev-stgeorg.de\/index.php?rest_route=\/wp\/v2\/types\/post"}],"author":[{"embeddable":true,"href":"https:\/\/ev-stgeorg.de\/index.php?rest_route=\/wp\/v2\/users\/1"}],"replies":[{"embeddable":true,"href":"https:\/\/ev-stgeorg.de\/index.php?rest_route=%2Fwp%2Fv2%2Fcomments&post=46"}],"version-history":[{"count":2,"href":"https:\/\/ev-stgeorg.de\/index.php?rest_route=\/wp\/v2\/posts\/46\/revisions"}],"predecessor-version":[{"id":61,"href":"https:\/\/ev-stgeorg.de\/index.php?rest_route=\/wp\/v2\/posts\/46\/revisions\/61"}],"wp:attachment":[{"href":"https:\/\/ev-stgeorg.de\/index.php?rest_route=%2Fwp%2Fv2%2Fmedia&parent=46"}],"wp:term":[{"taxonomy":"category","embeddable":true,"href":"https:\/\/ev-stgeorg.de\/index.php?rest_route=%2Fwp%2Fv2%2Fcategories&post=46"},{"taxonomy":"post_tag","embeddable":true,"href":"https:\/\/ev-stgeorg.de\/index.php?rest_route=%2Fwp%2Fv2%2Ftags&post=46"}],"curies":[{"name":"wp","href":"https:\/\/api.w.org\/{rel}","templated":true}]}}