{"id":67,"date":"2016-01-14T16:11:35","date_gmt":"2016-01-14T15:11:35","guid":{"rendered":"http:\/\/gw-stgeorg.de\/ev2\/wp\/?p=67"},"modified":"2016-01-15T12:35:07","modified_gmt":"2016-01-15T11:35:07","slug":"resuemee-stadt-des-ankommens","status":"publish","type":"post","link":"https:\/\/ev-stgeorg.de\/?p=67","title":{"rendered":"Res\u00fcmee &#8222;Stadt des Ankommens&#8220;"},"content":{"rendered":"<p><strong>Tagung \u201eStadt des Ankommens\u201c am 11.12.2015<\/strong><\/p>\n<p><strong>Erstes Res\u00fcmee der Vorbereitungsgruppe vom 13.12.2016<\/strong><\/p>\n<p>Mit nahezu 300 Teilnehmerinnen und Teilnehmern ist die Tagung \u201eStadt des Ankommens\u201c am 11. Dezember auf gro\u00dfe Resonanz gesto\u00dfen. Veranstaltet wurde sie von Stadtteilorganisationen, Fl\u00fcchtlingsinitiativen, gewerkschaftlichen Fachbereichen, der Evangelischen Akademie der Nordkirche, der AG Soziales Hamburg sowie dem Department Soziale Arbeit der HAW.<\/p>\n<figure id=\"attachment_70\" aria-describedby=\"caption-attachment-70\" style=\"width: 300px\" class=\"wp-caption alignright\"><a href=\"https:\/\/ev-stgeorg.de\/wp-content\/uploads\/2016\/01\/SdA_151211_ug024.jpg\"><img loading=\"lazy\" decoding=\"async\" class=\"size-medium wp-image-70\" src=\"https:\/\/ev-stgeorg.de\/wp-content\/uploads\/2016\/01\/SdA_151211_ug024-300x200.jpg\" alt=\"Stadt des Ankommens, Tagung in der HAW zur Situation der Fl\u00fcchtlinge in Hamburg\" width=\"300\" height=\"200\" srcset=\"https:\/\/ev-stgeorg.de\/wp-content\/uploads\/2016\/01\/SdA_151211_ug024-300x200.jpg 300w, https:\/\/ev-stgeorg.de\/wp-content\/uploads\/2016\/01\/SdA_151211_ug024.jpg 1000w\" sizes=\"(max-width: 300px) 100vw, 300px\" \/><\/a><figcaption id=\"caption-attachment-70\" class=\"wp-caption-text\">Stadt des Ankommens, Tagung in der HAW zur Situation der Fl\u00fcchtlinge in Hamburg<\/figcaption><\/figure>\n<p>Mit dieser Tagung haben wir anhand vieler praktischer Beispiele Wege aufgezeigt, wie gelingendes Ankommen gestaltet werden kann. In einer Stadt des Ankommens werden denen, die kommen, Wege in die Gesellschaft ge\u00f6ffnet. Das beginnt mit der Zuerkennung und Verwirklichung der Menschenw\u00fcrde und Menschenrechte f\u00fcr jede und jeden, Gleichberechtigung der Geschlechter, Nichtdiskriminierung aufgrund von Herkunft, sexueller Identit\u00e4t, Religion oder Behinderung. Das bedeutet Zugang zu Wohnen, Bildung, Arbeit, Gesundheitsleistungen, Mobilit\u00e4t, Kultur, Einkaufsm\u00f6glichkeiten und dem allgemeinen \u00f6ffentlichen Leben.<br \/>\n<!--more-->Die Tagung machte deutlich: Der Unsicherheit der Ankommenden \u00fcber ihr Schicksal sowie der Vielfalt der beteiligten und betroffenen Menschen kann mit vielf\u00e4ltigen und kreativen Ideen und Ma\u00dfnahmen begegnet werden.<\/p>\n<ul>\n<li>Ankommen ist kein Zustand, sondern ein Prozess der Orientierung, der auch der Unterst\u00fctzung bedarf. Welche Wege offen stehen, bestimmt, wo und unter welchen Umst\u00e4nden ein Mensch seinen Platz findet \u2013 am Rand oder inmitten der Gesellschaft. Pfarrer Joachim Tr\u00f6stler vom Runden Tisch Langenhorn unterstrich: \u201eF\u00fcr das Zusammenleben im Gemeinwesen braucht es Kontaktfl\u00e4chen und Begegnungsm\u00f6glichkeiten im Alltag\u201c.<\/li>\n<li>Vertreter_innen der Lampedusagruppe wie der Roma-Gruppe, die aus Protest gegen eine drohende Abschiebung im September den Hamburger Michel besetzt hatte, unterstrichen, dass Selbstorganisation nicht nur Selbsthilfe zum \u00dcberstehen von extremen Notlagen ist, sondern zugleich Ansto\u00df f\u00fcr die Gesellschaft, nicht wegzugucken, sondern solidarisch zu sein.<\/li>\n<li>Peter Bremme von ver.di betonte: Die Stadt und ihre vielen stadteigenen Unternehmen k\u00f6nnen \u00fcber die Vergabe von Auftr\u00e4gen Unternehmen an Bedingungen binden, die zur Besch\u00e4ftigung von Fl\u00fcchtlingen f\u00fchren, z.B. mit dem Instrument \u201eWohnungen selber bauen \u2013 Chance f\u00fcr Ausbildung, Nachqualifizierung und Besch\u00e4ftigung!\u201c. Dieses kann bei der Umsetzung des Wohnungsbauprogramms systematisch, zeitnah und wirkungsvoll eingesetzt und verbindlich f\u00fcr alle Investoren vereinbart werden.<\/li>\n<li>Die Stadt verf\u00fcgt selbst \u00fcber Geb\u00e4ude, die leer stehen und sofort f\u00fcr die Unterbringung genutzt werden k\u00f6nnen. Auf das ehemalige Springerhaus wies Prof. Dr. Kniess hin, das der Bezirk Mitte nach einem Umzug aus den City-H\u00e4usern mit nutzen will. Ein solcher Umzug ist keineswegs dringlich, so dass das Geb\u00e4ude den Fl\u00fcchtlingen zur Nutzung gestellt werden sollte. Anhaltenden Wohnungsleerstand gibt es bei der SAGA und bei vielen Privatgeb\u00e4uden \u2013 hier sollte der Senat endlich von seiner M\u00f6glichkeit Gebrauch machen, angesichts der Wohnungsnot \u00a7 14a SOG anzuwenden.<\/li>\n<li>Die Bezirke haben sich f\u00fcr die n\u00e4chsten Jahre ein umfangreiches Wohnungsbauprogramm vorgenommen. Bei jedem einzelnen dieser Programme ist zu pr\u00fcfen, wie es modifiziert und aufgestockt werden kann, damit Wohnungen f\u00fcr Fl\u00fcchtlinge in den vielf\u00e4ltigen Quartieren entstehen. Denn die beste Chance f\u00fcr eine Stadt f\u00fcr alle bietet das Wohnen auch der Neuangekommenen mittendrin und miteinander.<\/li>\n<\/ul>\n<p>Eindeutig ist: Der so genannte Drittelmix ist nicht mehr zeitgem\u00e4\u00df und bedarfsgerecht. Wohnungsnot besteht bei vielen, die schon lange unterversorgt sind, und sie besteht bei den Fl\u00fcchtlingen, die jetzt notd\u00fcrftig untergebracht sind. Die Beseitigung von Wohnungsnot ist vordringliche Pflicht der Stadt; die meisten der neu zu bauenden Wohnungen m\u00fcssen deshalb Sozialwohnungen sein. Je mehr Sozialwohnungen gebaut werden, desto klarer ist die Perspektive, dass alle eine Chance auf den Zugang zum Wohnungsmarkt bekommen. Keine Grundst\u00fccksvergabe, kein Neubau mehr ohne entsprechende Anteile \u00f6ffentlich gef\u00f6rderter Wohnungen in ganz Hamburg \u2013 und nicht vorrangig konzentriert in gro\u00dfen Einheiten am Rand!<\/p>\n<p>Die Tagung wurde begleitet von Elke Ehninger, die den Prozess auf gro\u00dfen Tafeln kreativ mit gezeichnet hat.<\/p>\n<p>&nbsp;<\/p>\n<p>&nbsp;<\/p>\n","protected":false},"excerpt":{"rendered":"<p>Tagung \u201eStadt des Ankommens\u201c am 11.12.2015 Erstes Res\u00fcmee der Vorbereitungsgruppe vom 13.12.2016 Mit nahezu 300 Teilnehmerinnen und Teilnehmern ist die Tagung \u201eStadt des Ankommens\u201c am 11. Dezember auf gro\u00dfe Resonanz gesto\u00dfen. Veranstaltet wurde sie von Stadtteilorganisationen, Fl\u00fcchtlingsinitiativen, gewerkschaftlichen Fachbereichen, der Evangelischen Akademie der Nordkirche, der AG Soziales Hamburg sowie dem Department Soziale Arbeit der HAW. &hellip; <a href=\"https:\/\/ev-stgeorg.de\/?p=67\" class=\"more-link\"><span class=\"screen-reader-text\">Res\u00fcmee &#8222;Stadt des Ankommens&#8220;<\/span> weiterlesen <span class=\"meta-nav\">&rarr;<\/span><\/a><\/p>\n","protected":false},"author":1,"featured_media":0,"comment_status":"closed","ping_status":"closed","sticky":false,"template":"","format":"standard","meta":{"footnotes":""},"categories":[3],"tags":[4],"yoast_head":"<!-- This site is optimized with the Yoast SEO plugin v24.5 - https:\/\/yoast.com\/wordpress\/plugins\/seo\/ -->\n<title>Res\u00fcmee &quot;Stadt des Ankommens&quot; - Einwohner*innen-verein St. Georg<\/title>\n<meta name=\"robots\" content=\"index, follow, max-snippet:-1, max-image-preview:large, max-video-preview:-1\" \/>\n<link rel=\"canonical\" href=\"https:\/\/ev-stgeorg.de\/?p=67\" \/>\n<meta property=\"og:locale\" content=\"de_DE\" \/>\n<meta property=\"og:type\" content=\"article\" \/>\n<meta property=\"og:title\" content=\"Res\u00fcmee &quot;Stadt des Ankommens&quot; - Einwohner*innen-verein St. Georg\" \/>\n<meta property=\"og:description\" content=\"Tagung \u201eStadt des Ankommens\u201c am 11.12.2015 Erstes Res\u00fcmee der Vorbereitungsgruppe vom 13.12.2016 Mit nahezu 300 Teilnehmerinnen und Teilnehmern ist die Tagung \u201eStadt des Ankommens\u201c am 11. Dezember auf gro\u00dfe Resonanz gesto\u00dfen. Veranstaltet wurde sie von Stadtteilorganisationen, Fl\u00fcchtlingsinitiativen, gewerkschaftlichen Fachbereichen, der Evangelischen Akademie der Nordkirche, der AG Soziales Hamburg sowie dem Department Soziale Arbeit der HAW. &hellip; Res\u00fcmee &#8222;Stadt des Ankommens&#8220; weiterlesen &rarr;\" \/>\n<meta property=\"og:url\" content=\"https:\/\/ev-stgeorg.de\/?p=67\" \/>\n<meta property=\"og:site_name\" content=\"Einwohner*innen-verein St. Georg\" \/>\n<meta property=\"article:publisher\" content=\"https:\/\/ev-stgeorg.de\/\" \/>\n<meta property=\"article:published_time\" content=\"2016-01-14T15:11:35+00:00\" \/>\n<meta property=\"article:modified_time\" content=\"2016-01-15T11:35:07+00:00\" \/>\n<meta property=\"og:image\" content=\"https:\/\/ev-stgeorg.de\/wp-content\/uploads\/2016\/01\/SdA_151211_ug024-300x200.jpg\" \/>\n<meta name=\"author\" content=\"admin\" \/>\n<meta name=\"twitter:card\" content=\"summary_large_image\" \/>\n<meta name=\"twitter:label1\" content=\"Verfasst von\" \/>\n\t<meta name=\"twitter:data1\" content=\"admin\" \/>\n\t<meta name=\"twitter:label2\" content=\"Gesch\u00e4tzte Lesezeit\" \/>\n\t<meta name=\"twitter:data2\" content=\"3\u00a0Minuten\" \/>\n<script type=\"application\/ld+json\" class=\"yoast-schema-graph\">{\"@context\":\"https:\/\/schema.org\",\"@graph\":[{\"@type\":\"WebPage\",\"@id\":\"https:\/\/ev-stgeorg.de\/?p=67\",\"url\":\"https:\/\/ev-stgeorg.de\/?p=67\",\"name\":\"Res\u00fcmee \\\"Stadt des Ankommens\\\" - Einwohner*innen-verein St. Georg\",\"isPartOf\":{\"@id\":\"https:\/\/ev-stgeorg.de\/#website\"},\"primaryImageOfPage\":{\"@id\":\"https:\/\/ev-stgeorg.de\/?p=67#primaryimage\"},\"image\":{\"@id\":\"https:\/\/ev-stgeorg.de\/?p=67#primaryimage\"},\"thumbnailUrl\":\"https:\/\/ev-stgeorg.de\/wp-content\/uploads\/2016\/01\/SdA_151211_ug024-300x200.jpg\",\"datePublished\":\"2016-01-14T15:11:35+00:00\",\"dateModified\":\"2016-01-15T11:35:07+00:00\",\"author\":{\"@id\":\"https:\/\/ev-stgeorg.de\/#\/schema\/person\/7da671f7f33882c3b9a65ee7a61d28f4\"},\"breadcrumb\":{\"@id\":\"https:\/\/ev-stgeorg.de\/?p=67#breadcrumb\"},\"inLanguage\":\"de\",\"potentialAction\":[{\"@type\":\"ReadAction\",\"target\":[\"https:\/\/ev-stgeorg.de\/?p=67\"]}]},{\"@type\":\"ImageObject\",\"inLanguage\":\"de\",\"@id\":\"https:\/\/ev-stgeorg.de\/?p=67#primaryimage\",\"url\":\"https:\/\/ev-stgeorg.de\/wp-content\/uploads\/2016\/01\/SdA_151211_ug024-300x200.jpg\",\"contentUrl\":\"https:\/\/ev-stgeorg.de\/wp-content\/uploads\/2016\/01\/SdA_151211_ug024-300x200.jpg\"},{\"@type\":\"BreadcrumbList\",\"@id\":\"https:\/\/ev-stgeorg.de\/?p=67#breadcrumb\",\"itemListElement\":[{\"@type\":\"ListItem\",\"position\":1,\"name\":\"Startseite\",\"item\":\"https:\/\/ev-stgeorg.de\/\"},{\"@type\":\"ListItem\",\"position\":2,\"name\":\"Res\u00fcmee &#8222;Stadt des Ankommens&#8220;\"}]},{\"@type\":\"WebSite\",\"@id\":\"https:\/\/ev-stgeorg.de\/#website\",\"url\":\"https:\/\/ev-stgeorg.de\/\",\"name\":\"Einwohnerverein St. Georg\",\"description\":\"von 1987 e.V.\",\"potentialAction\":[{\"@type\":\"SearchAction\",\"target\":{\"@type\":\"EntryPoint\",\"urlTemplate\":\"https:\/\/ev-stgeorg.de\/?s={search_term_string}\"},\"query-input\":{\"@type\":\"PropertyValueSpecification\",\"valueRequired\":true,\"valueName\":\"search_term_string\"}}],\"inLanguage\":\"de\"},{\"@type\":\"Person\",\"@id\":\"https:\/\/ev-stgeorg.de\/#\/schema\/person\/7da671f7f33882c3b9a65ee7a61d28f4\",\"name\":\"admin\",\"image\":{\"@type\":\"ImageObject\",\"inLanguage\":\"de\",\"@id\":\"https:\/\/ev-stgeorg.de\/#\/schema\/person\/image\/\",\"url\":\"https:\/\/secure.gravatar.com\/avatar\/30ce465bbd39980cb03bf85160fa2b31?s=96&d=mm&r=g\",\"contentUrl\":\"https:\/\/secure.gravatar.com\/avatar\/30ce465bbd39980cb03bf85160fa2b31?s=96&d=mm&r=g\",\"caption\":\"admin\"},\"sameAs\":[\"http:\/\/2021.ev-stgeorg.de\"],\"url\":\"https:\/\/ev-stgeorg.de\/?author=1\"}]}<\/script>\n<!-- \/ Yoast SEO plugin. -->","yoast_head_json":{"title":"Res\u00fcmee \"Stadt des Ankommens\" - Einwohner*innen-verein St. Georg","robots":{"index":"index","follow":"follow","max-snippet":"max-snippet:-1","max-image-preview":"max-image-preview:large","max-video-preview":"max-video-preview:-1"},"canonical":"https:\/\/ev-stgeorg.de\/?p=67","og_locale":"de_DE","og_type":"article","og_title":"Res\u00fcmee \"Stadt des Ankommens\" - Einwohner*innen-verein St. Georg","og_description":"Tagung \u201eStadt des Ankommens\u201c am 11.12.2015 Erstes Res\u00fcmee der Vorbereitungsgruppe vom 13.12.2016 Mit nahezu 300 Teilnehmerinnen und Teilnehmern ist die Tagung \u201eStadt des Ankommens\u201c am 11. Dezember auf gro\u00dfe Resonanz gesto\u00dfen. Veranstaltet wurde sie von Stadtteilorganisationen, Fl\u00fcchtlingsinitiativen, gewerkschaftlichen Fachbereichen, der Evangelischen Akademie der Nordkirche, der AG Soziales Hamburg sowie dem Department Soziale Arbeit der HAW. &hellip; Res\u00fcmee &#8222;Stadt des Ankommens&#8220; weiterlesen &rarr;","og_url":"https:\/\/ev-stgeorg.de\/?p=67","og_site_name":"Einwohner*innen-verein St. Georg","article_publisher":"https:\/\/ev-stgeorg.de\/","article_published_time":"2016-01-14T15:11:35+00:00","article_modified_time":"2016-01-15T11:35:07+00:00","og_image":[{"url":"https:\/\/ev-stgeorg.de\/wp-content\/uploads\/2016\/01\/SdA_151211_ug024-300x200.jpg","type":"","width":"","height":""}],"author":"admin","twitter_card":"summary_large_image","twitter_misc":{"Verfasst von":"admin","Gesch\u00e4tzte Lesezeit":"3\u00a0Minuten"},"schema":{"@context":"https:\/\/schema.org","@graph":[{"@type":"WebPage","@id":"https:\/\/ev-stgeorg.de\/?p=67","url":"https:\/\/ev-stgeorg.de\/?p=67","name":"Res\u00fcmee \"Stadt des Ankommens\" - Einwohner*innen-verein St. Georg","isPartOf":{"@id":"https:\/\/ev-stgeorg.de\/#website"},"primaryImageOfPage":{"@id":"https:\/\/ev-stgeorg.de\/?p=67#primaryimage"},"image":{"@id":"https:\/\/ev-stgeorg.de\/?p=67#primaryimage"},"thumbnailUrl":"https:\/\/ev-stgeorg.de\/wp-content\/uploads\/2016\/01\/SdA_151211_ug024-300x200.jpg","datePublished":"2016-01-14T15:11:35+00:00","dateModified":"2016-01-15T11:35:07+00:00","author":{"@id":"https:\/\/ev-stgeorg.de\/#\/schema\/person\/7da671f7f33882c3b9a65ee7a61d28f4"},"breadcrumb":{"@id":"https:\/\/ev-stgeorg.de\/?p=67#breadcrumb"},"inLanguage":"de","potentialAction":[{"@type":"ReadAction","target":["https:\/\/ev-stgeorg.de\/?p=67"]}]},{"@type":"ImageObject","inLanguage":"de","@id":"https:\/\/ev-stgeorg.de\/?p=67#primaryimage","url":"https:\/\/ev-stgeorg.de\/wp-content\/uploads\/2016\/01\/SdA_151211_ug024-300x200.jpg","contentUrl":"https:\/\/ev-stgeorg.de\/wp-content\/uploads\/2016\/01\/SdA_151211_ug024-300x200.jpg"},{"@type":"BreadcrumbList","@id":"https:\/\/ev-stgeorg.de\/?p=67#breadcrumb","itemListElement":[{"@type":"ListItem","position":1,"name":"Startseite","item":"https:\/\/ev-stgeorg.de\/"},{"@type":"ListItem","position":2,"name":"Res\u00fcmee &#8222;Stadt des Ankommens&#8220;"}]},{"@type":"WebSite","@id":"https:\/\/ev-stgeorg.de\/#website","url":"https:\/\/ev-stgeorg.de\/","name":"Einwohnerverein St. Georg","description":"von 1987 e.V.","potentialAction":[{"@type":"SearchAction","target":{"@type":"EntryPoint","urlTemplate":"https:\/\/ev-stgeorg.de\/?s={search_term_string}"},"query-input":{"@type":"PropertyValueSpecification","valueRequired":true,"valueName":"search_term_string"}}],"inLanguage":"de"},{"@type":"Person","@id":"https:\/\/ev-stgeorg.de\/#\/schema\/person\/7da671f7f33882c3b9a65ee7a61d28f4","name":"admin","image":{"@type":"ImageObject","inLanguage":"de","@id":"https:\/\/ev-stgeorg.de\/#\/schema\/person\/image\/","url":"https:\/\/secure.gravatar.com\/avatar\/30ce465bbd39980cb03bf85160fa2b31?s=96&d=mm&r=g","contentUrl":"https:\/\/secure.gravatar.com\/avatar\/30ce465bbd39980cb03bf85160fa2b31?s=96&d=mm&r=g","caption":"admin"},"sameAs":["http:\/\/2021.ev-stgeorg.de"],"url":"https:\/\/ev-stgeorg.de\/?author=1"}]}},"_links":{"self":[{"href":"https:\/\/ev-stgeorg.de\/index.php?rest_route=\/wp\/v2\/posts\/67"}],"collection":[{"href":"https:\/\/ev-stgeorg.de\/index.php?rest_route=\/wp\/v2\/posts"}],"about":[{"href":"https:\/\/ev-stgeorg.de\/index.php?rest_route=\/wp\/v2\/types\/post"}],"author":[{"embeddable":true,"href":"https:\/\/ev-stgeorg.de\/index.php?rest_route=\/wp\/v2\/users\/1"}],"replies":[{"embeddable":true,"href":"https:\/\/ev-stgeorg.de\/index.php?rest_route=%2Fwp%2Fv2%2Fcomments&post=67"}],"version-history":[{"count":4,"href":"https:\/\/ev-stgeorg.de\/index.php?rest_route=\/wp\/v2\/posts\/67\/revisions"}],"predecessor-version":[{"id":71,"href":"https:\/\/ev-stgeorg.de\/index.php?rest_route=\/wp\/v2\/posts\/67\/revisions\/71"}],"wp:attachment":[{"href":"https:\/\/ev-stgeorg.de\/index.php?rest_route=%2Fwp%2Fv2%2Fmedia&parent=67"}],"wp:term":[{"taxonomy":"category","embeddable":true,"href":"https:\/\/ev-stgeorg.de\/index.php?rest_route=%2Fwp%2Fv2%2Fcategories&post=67"},{"taxonomy":"post_tag","embeddable":true,"href":"https:\/\/ev-stgeorg.de\/index.php?rest_route=%2Fwp%2Fv2%2Ftags&post=67"}],"curies":[{"name":"wp","href":"https:\/\/api.w.org\/{rel}","templated":true}]}}